{"id":139824,"date":"2019-08-03T10:00:28","date_gmt":"2019-08-03T14:00:28","guid":{"rendered":"https:\/\/elluchador.info\/web\/?p=139824"},"modified":"2019-08-03T10:00:34","modified_gmt":"2019-08-03T14:00:34","slug":"nuevo-gobernador-de-puerto-rico-el-pueblo-puede-estar-tranquilo","status":"publish","type":"post","link":"https:\/\/elluchador.info\/?p=139824","title":{"rendered":"Nuevo gobernador de Puerto Rico: \u00abEl pueblo puede estar tranquilo\u00bb"},"content":{"rendered":"\n<p>El abogado Pedro Pierluisi dijo este viernes al pueblo de Puerto Rico que \u00abpuede estar tranquilo\u00bb, luego de juramentar como nuevo gobernador tras casi un mes de inestabilidad pol\u00edtica y multitudinarias protestas que forzaron la renuncia del anterior mandatario, Ricardo Rossell\u00f3.<\/p>\n\n\n\n<p>\u00abAsumo esta responsabilidad con el mayor respeto a nuestro pueblo y nuestro sistema de gobierno\u00bb, dijo Pierluisi en conferencia de prensa, tras haber juramentado en una ceremonia privada.<\/p>\n\n\n\n<p>La renuncia de su antecesor, Ricardo Rossell\u00f3, se hizo efectiva en la tarde luego de haber anunciado hace dos semanas que dejar\u00eda el puesto en medio de un esc\u00e1ndalo por la filtraci\u00f3n de un chat con mensajes ofensivos.<\/p>\n\n\n\n<p>\u00abEl pueblo de Puerto Rico puede estar tranquilo de que su gobierno est\u00e1 en buenas manos\u00bb, dijo Pierluisi.<\/p>\n\n\n\n<p>Pero la situaci\u00f3n en Puerto Rico aun tiene algo de incertidumbre. La C\u00e1mara de Representantes aprob\u00f3 el nombramiento de Pierluisi, pero el Senado no lo vot\u00f3 a\u00fan porque est\u00e1 en receso. La C\u00e1mara Alta someter\u00e1 su designaci\u00f3n a votaci\u00f3n la semana pr\u00f3xima.<\/p>\n\n\n\n<p>\u00abSi no ratifican mi incumbencia\u00bb, dijo Pierluisi, \u00abentonces la secretaria de Justicia, Wanda V\u00e1zquez, est\u00e1 en posici\u00f3n de asumir el cargo de gobernadora\u00bb.<\/p>\n\n\n\n<p>Despu\u00e9s de Perluisi, V\u00e1zquez es la siguiente en la lista para asumir la gobernaci\u00f3n. Sin embargo, la ministra ha dicho que no le interesa el cargo.<\/p>\n\n\n\n<p>Durante la tarde, cientos de puertorrique\u00f1os aguardaban noticias frente a la casa de gobierno en San Juan, ondeando banderas y en medio de fuertes medidas de seguridad.<\/p>\n\n\n\n<p>Pierluisi fue congresista por Puerto Rico en Washington de 2009 a 2016. Ese a\u00f1o perdi\u00f3 las primarias ante Rossell\u00f3 y luego se dedic\u00f3 a la pr\u00e1ctica privada.<\/p>\n\n\n\n<p>El bufete donde trabajaba, O&#8217;Neill &amp; Borges, asiste a la Junta de Supervisi\u00f3n Fiscal, un equipo enviado por el Congreso estadounidense para supervisar el proceso de bancarrota de Puerto Rico.<\/p>\n\n\n\n<p>Por esto, algunos sectores desconf\u00edan de su nombramiento como gobernador.<\/p>\n\n\n\n<p>Rossell\u00f3 renunci\u00f3 la semana pasada, cediendo a la presi\u00f3n de decenas de miles de manifestantes, luego de que se difundiera un comprometedor chat y que seis funcionarios de gobierno fueran acusados de malversar los fondos destinados a la recuperaci\u00f3n de los huracanes de 2017.<\/p>\n\n\n\n<p><strong>AFP<\/strong><\/p>\n","protected":false},"excerpt":{"rendered":"<p>El abogado Pedro Pierluisi dijo este viernes al pueblo de Puerto Rico que \u00abpuede estar tranquilo\u00bb, luego de juramentar como nuevo gobernador tras casi un mes de inestabilidad pol\u00edtica y multitudinarias protestas que forzaron la renuncia del anterior mandatario, Ricardo Rossell\u00f3. \u00abAsumo esta responsabilidad con el mayor respeto a nuestro pueblo y nuestro sistema de [&hellip;]<\/p>\n","protected":false},"author":2,"featured_media":139826,"comment_status":"closed","ping_status":"closed","sticky":false,"template":"","format":"standard","meta":{"footnotes":""},"categories":[8],"tags":[],"class_list":{"0":"post-139824","1":"post","2":"type-post","3":"status-publish","4":"format-standard","5":"has-post-thumbnail","7":"category-internacionales"},"_links":{"self":[{"href":"https:\/\/elluchador.info\/index.php?rest_route=\/wp\/v2\/posts\/139824","targetHints":{"allow":["GET"]}}],"collection":[{"href":"https:\/\/elluchador.info\/index.php?rest_route=\/wp\/v2\/posts"}],"about":[{"href":"https:\/\/elluchador.info\/index.php?rest_route=\/wp\/v2\/types\/post"}],"author":[{"embeddable":true,"href":"https:\/\/elluchador.info\/index.php?rest_route=\/wp\/v2\/users\/2"}],"replies":[{"embeddable":true,"href":"https:\/\/elluchador.info\/index.php?rest_route=%2Fwp%2Fv2%2Fcomments&post=139824"}],"version-history":[{"count":1,"href":"https:\/\/elluchador.info\/index.php?rest_route=\/wp\/v2\/posts\/139824\/revisions"}],"predecessor-version":[{"id":139827,"href":"https:\/\/elluchador.info\/index.php?rest_route=\/wp\/v2\/posts\/139824\/revisions\/139827"}],"wp:featuredmedia":[{"embeddable":true,"href":"https:\/\/elluchador.info\/index.php?rest_route=\/wp\/v2\/media\/139826"}],"wp:attachment":[{"href":"https:\/\/elluchador.info\/index.php?rest_route=%2Fwp%2Fv2%2Fmedia&parent=139824"}],"wp:term":[{"taxonomy":"category","embeddable":true,"href":"https:\/\/elluchador.info\/index.php?rest_route=%2Fwp%2Fv2%2Fcategories&post=139824"},{"taxonomy":"post_tag","embeddable":true,"href":"https:\/\/elluchador.info\/index.php?rest_route=%2Fwp%2Fv2%2Ftags&post=139824"}],"curies":[{"name":"wp","href":"https:\/\/api.w.org\/{rel}","templated":true}]}}