{"id":139834,"date":"2019-08-03T10:14:10","date_gmt":"2019-08-03T14:14:10","guid":{"rendered":"https:\/\/elluchador.info\/web\/?p=139834"},"modified":"2019-08-03T10:14:13","modified_gmt":"2019-08-03T14:14:13","slug":"maduro-estamos-preparados-para-una-batalla-si-pretenden-una-cuarentena-contra-venezuela","status":"publish","type":"post","link":"https:\/\/elluchador.info\/?p=139834","title":{"rendered":"Maduro: \u00abEstamos preparados para una batalla si pretenden una cuarentena contra Venezuela\u00bb"},"content":{"rendered":"\n<p>El presidente de la Rep\u00fablica, Nicol\u00e1s Maduro, rechaz\u00f3 este viernes 2 de agosto las declaraciones del presidente de Estados Unidos, Donald Trump en las que afirm\u00f3 que considera \u201cun bloqueo o cuarentena sobre Venezuela\u201d y asegur\u00f3 que de ocurrir el pa\u00eds estar\u00eda preparado.<\/p>\n\n\n\n<p>\u00abEstamos preparados para una batalla si pretenden una cuarentena contra Venezuela, a Venezuela no la bloquea nadie y menos una cuarentena\u00bb, asever\u00f3 el jefe de Estado, durante una jornada de supervisi\u00f3n de la industria naviera nacional, en el marco de la Gran Misi\u00f3n Transporte, desde La Guaira.<\/p>\n\n\n\n<p>El mandatario se\u00f1al\u00f3 que el Gobierno Bolivariano denunciar\u00e1 ante el Consejo de Seguridad de la Organizaci\u00f3n de las Naciones Unidas (ONU) la nueva \u00abamenaza\u00bb de Estados Unidos, que atenta contra la poblaci\u00f3n venezolana.<\/p>\n\n\n\n<p>\u00abNo podr\u00e1n con Venezuela, los mares de Venezuela ser\u00e1n libres, soberanos e independientes y los navegaremos como nosotros mismo decidamos\u00bb, agreg\u00f3.<\/p>\n\n\n\n<p><strong>Panorama.com<\/strong><\/p>\n","protected":false},"excerpt":{"rendered":"<p>El presidente de la Rep\u00fablica, Nicol\u00e1s Maduro, rechaz\u00f3 este viernes 2 de agosto las declaraciones del presidente de Estados Unidos, Donald Trump en las que afirm\u00f3 que considera \u201cun bloqueo o cuarentena sobre Venezuela\u201d y asegur\u00f3 que de ocurrir el pa\u00eds estar\u00eda preparado. \u00abEstamos preparados para una batalla si pretenden una cuarentena contra Venezuela, a [&hellip;]<\/p>\n","protected":false},"author":2,"featured_media":139835,"comment_status":"closed","ping_status":"closed","sticky":false,"template":"","format":"standard","meta":{"footnotes":""},"categories":[5,9],"tags":[],"class_list":{"0":"post-139834","1":"post","2":"type-post","3":"status-publish","4":"format-standard","5":"has-post-thumbnail","7":"category-destacado","8":"category-nacionales"},"_links":{"self":[{"href":"https:\/\/elluchador.info\/index.php?rest_route=\/wp\/v2\/posts\/139834","targetHints":{"allow":["GET"]}}],"collection":[{"href":"https:\/\/elluchador.info\/index.php?rest_route=\/wp\/v2\/posts"}],"about":[{"href":"https:\/\/elluchador.info\/index.php?rest_route=\/wp\/v2\/types\/post"}],"author":[{"embeddable":true,"href":"https:\/\/elluchador.info\/index.php?rest_route=\/wp\/v2\/users\/2"}],"replies":[{"embeddable":true,"href":"https:\/\/elluchador.info\/index.php?rest_route=%2Fwp%2Fv2%2Fcomments&post=139834"}],"version-history":[{"count":1,"href":"https:\/\/elluchador.info\/index.php?rest_route=\/wp\/v2\/posts\/139834\/revisions"}],"predecessor-version":[{"id":139836,"href":"https:\/\/elluchador.info\/index.php?rest_route=\/wp\/v2\/posts\/139834\/revisions\/139836"}],"wp:featuredmedia":[{"embeddable":true,"href":"https:\/\/elluchador.info\/index.php?rest_route=\/wp\/v2\/media\/139835"}],"wp:attachment":[{"href":"https:\/\/elluchador.info\/index.php?rest_route=%2Fwp%2Fv2%2Fmedia&parent=139834"}],"wp:term":[{"taxonomy":"category","embeddable":true,"href":"https:\/\/elluchador.info\/index.php?rest_route=%2Fwp%2Fv2%2Fcategories&post=139834"},{"taxonomy":"post_tag","embeddable":true,"href":"https:\/\/elluchador.info\/index.php?rest_route=%2Fwp%2Fv2%2Ftags&post=139834"}],"curies":[{"name":"wp","href":"https:\/\/api.w.org\/{rel}","templated":true}]}}