{"id":140030,"date":"2019-08-05T16:36:54","date_gmt":"2019-08-05T20:36:54","guid":{"rendered":"https:\/\/elluchador.info\/web\/?p=140030"},"modified":"2019-08-05T14:11:46","modified_gmt":"2019-08-05T18:11:46","slug":"justicia-de-puerto-rico-tendra-la-ultima-palabra-sobre-nuevo-el-gobernador","status":"publish","type":"post","link":"https:\/\/elluchador.info\/?p=140030","title":{"rendered":"Justicia de Puerto Rico tendr\u00e1 la \u00faltima palabra sobre nuevo el gobernador"},"content":{"rendered":"\n<p>&nbsp;La justicia en Puerto Rico tendr\u00e1 la \u00faltima palabra sobre la legitimidad de la jura el viernes del nuevo gobernador, Pedro Pierluisi, tras la demanda interpuesta este domingo por el presidente del Senado, Thomas Rivera, y por la que interpuso este lunes la alcaldesa de San Juan, Carmen Yul\u00edn Cruz.<\/p>\n\n\n\n<p>La demanda que radic\u00f3 anoche Rivera para anular la juramentaci\u00f3n de Pierluisi por no contar con la votaci\u00f3n previa del Senado, ser\u00e1 atendida en una vista urgente a las 18:00 hora local (22:00 GMT) en el Tribunal de Primera Instancia de San Juan, seg\u00fan la orden del tribunal difundida este lunes.<\/p>\n\n\n\n<p><strong>Por su parte, la alcaldesa de San Juan ha acudido al Tribunal Supremo para impugnar la juramentaci\u00f3n.<\/strong><\/p>\n\n\n\n<p>En su demanda, Yulin adem\u00e1s de Pierluisi, incluye a la secretaria de Justicia, Wanda V\u00e1zquez Garced, segunda en l\u00ednea de sucesi\u00f3n, detr\u00e1s del secretario de Estado, para sustituir al ya dimitido exgobernador Ricardo Rossell\u00f3.<\/p>\n\n\n\n<p>\u00abA las 8:39 am (12:39 GMT) se radic\u00f3 caso en Tribunal Supremo. Ahora se estar\u00e1n diligenciando emplazamientos\u00bb (sic.)\u00bb, twite\u00f3 Cruz Soto.<\/p>\n\n\n\n<p><strong>Por su parte, el presidente del Senado se\u00f1ala en su demanda que actualmente Puerto Rico \u00abvive una situaci\u00f3n sin precedentes\u00bb despu\u00e9s de la renuncia de Rossell\u00f3, quien dimiti\u00f3 del cargo de gobernador tras su participaci\u00f3n en un chat privado que hab\u00eda provocado una ola de manifestaciones, y apunta que la elecci\u00f3n de Pierluisi se ha producido \u00abparcialmente\u00bb ya que quedaba a\u00fan el tr\u00e1mite del Senado.<\/strong><\/p>\n\n\n\n<p>El propio Pierluisi dio este domingo un nuevo giro a la situaci\u00f3n al afirmar que \u00abno procede\u00bb que el Senado vote este lunes sobre su incumbencia como secretario de Estado, ya que al haber jurado el viernes como mandatario dej\u00f3 ese puesto.<\/p>\n\n\n\n<p><strong>\u00abRealmente es una vista para ellos mismos, porque, como he dicho en varias ocasiones, no procede una confirmaci\u00f3n del gobernador. Lo que hubiera procedido era una confirmaci\u00f3n del secretario de Estado, pero esa silla en propiedad ya no est\u00e1 ocupada\u00bb<\/strong>, dijo Pierluisi.<\/p>\n\n\n\n<p>Tras sus palabras, y en un comunicado posterior, insisti\u00f3 en que ya jur\u00f3 el \u00abcargo de gobernador y en este momento no existe secretario del Departamento de Estado que est\u00e9 sujeto al consejo y consentimiento del Senado de Puerto Rico; sin embargo, igual que dije el pasado viernes, este cuerpo legislativo tiene todo el derecho de expresarse sobre mi incumbencia y, como he expresado, respeto ese proceso\u00bb.<\/p>\n\n\n\n<p><strong>El secretario de Estado puertorrique\u00f1o es el primero en la l\u00ednea de sucesi\u00f3n en caso de no haber gobernador. El siguiente es el secretario de Justicia.<\/strong><\/p>\n\n\n\n<p>Este lunes est\u00e1 prevista una sesi\u00f3n en el Senado para la confirmaci\u00f3n de Pierluisi como secretario de Estado.<\/p>\n\n\n\n<p>El embrollo sobre la legalidad o no de que Pierluisi fuera el gobernador estos d\u00edas part\u00eda de las dudas que ha despertado entre abogados, medios y pol\u00edticos, entre otros, la interpretaci\u00f3n de la Constituci\u00f3n y la Ley 7 de 1952, enmendada en 2005, sobre la sucesi\u00f3n del gobernador.<\/p>\n\n\n\n<p>La Constituci\u00f3n de la isla se\u00f1ala que un secretario de Estado, primero en la l\u00ednea de sucesi\u00f3n ante la vacante de un gobernador, debe ser ratificado por la Asamblea Legislativa, mientras que la Ley 7, en la que se escud\u00f3 Rossell\u00f3 para nombrar a Pierluisi, se\u00f1ala que dicha posici\u00f3n no precisa de la confirmaci\u00f3n ni de la C\u00e1mara de Representantes ni del Senado.<\/p>\n\n\n\n<p>Pero solo en el caso de que se refiera a la sucesi\u00f3n de un gobernador.<\/p>\n\n\n\n<p>En la demanda, Thomas Rivera indica que Pierluisi asumi\u00f3 el poder este viernes \u00aben una interpretaci\u00f3n incorrecta de la Ley 7\u00bb.<\/p>\n\n\n\n<p>\u00abEl Senado no ha finalizado su responsabilidad constitucional de consejo y consentimiento para dicho nombramiento (\u2026) no puede seguir ostentando el cargo de gobernador al que jurament\u00f3 y, cualquier decisi\u00f3n que haya tomado en tales funciones desde dicha juramentaci\u00f3n es igualmente nula\u00bb, concluye la demanda.<\/p>\n\n\n\n<p>EFE<\/p>\n","protected":false},"excerpt":{"rendered":"<p>&nbsp;La justicia en Puerto Rico tendr\u00e1 la \u00faltima palabra sobre la legitimidad de la jura el viernes del nuevo gobernador, Pedro Pierluisi, tras la demanda interpuesta este domingo por el presidente del Senado, Thomas Rivera, y por la que interpuso este lunes la alcaldesa de San Juan, Carmen Yul\u00edn Cruz. La demanda que radic\u00f3 anoche [&hellip;]<\/p>\n","protected":false},"author":2,"featured_media":140033,"comment_status":"closed","ping_status":"closed","sticky":false,"template":"","format":"standard","meta":{"footnotes":""},"categories":[8],"tags":[],"class_list":{"0":"post-140030","1":"post","2":"type-post","3":"status-publish","4":"format-standard","5":"has-post-thumbnail","7":"category-internacionales"},"_links":{"self":[{"href":"https:\/\/elluchador.info\/index.php?rest_route=\/wp\/v2\/posts\/140030","targetHints":{"allow":["GET"]}}],"collection":[{"href":"https:\/\/elluchador.info\/index.php?rest_route=\/wp\/v2\/posts"}],"about":[{"href":"https:\/\/elluchador.info\/index.php?rest_route=\/wp\/v2\/types\/post"}],"author":[{"embeddable":true,"href":"https:\/\/elluchador.info\/index.php?rest_route=\/wp\/v2\/users\/2"}],"replies":[{"embeddable":true,"href":"https:\/\/elluchador.info\/index.php?rest_route=%2Fwp%2Fv2%2Fcomments&post=140030"}],"version-history":[{"count":1,"href":"https:\/\/elluchador.info\/index.php?rest_route=\/wp\/v2\/posts\/140030\/revisions"}],"predecessor-version":[{"id":140034,"href":"https:\/\/elluchador.info\/index.php?rest_route=\/wp\/v2\/posts\/140030\/revisions\/140034"}],"wp:featuredmedia":[{"embeddable":true,"href":"https:\/\/elluchador.info\/index.php?rest_route=\/wp\/v2\/media\/140033"}],"wp:attachment":[{"href":"https:\/\/elluchador.info\/index.php?rest_route=%2Fwp%2Fv2%2Fmedia&parent=140030"}],"wp:term":[{"taxonomy":"category","embeddable":true,"href":"https:\/\/elluchador.info\/index.php?rest_route=%2Fwp%2Fv2%2Fcategories&post=140030"},{"taxonomy":"post_tag","embeddable":true,"href":"https:\/\/elluchador.info\/index.php?rest_route=%2Fwp%2Fv2%2Ftags&post=140030"}],"curies":[{"name":"wp","href":"https:\/\/api.w.org\/{rel}","templated":true}]}}