{"id":140053,"date":"2019-08-05T15:15:53","date_gmt":"2019-08-05T19:15:53","guid":{"rendered":"https:\/\/elluchador.info\/web\/?p=140053"},"modified":"2019-08-05T15:17:38","modified_gmt":"2019-08-05T19:17:38","slug":"indigenas-calificaron-de-exitosa-la-realizacion-del-xxv-foro-de-sao-paulo-en-venezuela","status":"publish","type":"post","link":"https:\/\/elluchador.info\/?p=140053","title":{"rendered":"Ind\u00edgenas calificaron de exitosa la realizaci\u00f3n del XXV Foro de Sao Paulo en Venezuela"},"content":{"rendered":"\n<p>Los pueblos ind\u00edgena se Venezuela, evaluaron de manera\npositiva la realizaci\u00f3n del Foro de Sao Paulo, en la patria grande de Bol\u00edvar y\nCh\u00e1vez, siendo este una emblem\u00e1tica plataforma de partidos y movimientos\npol\u00edticos de la izquierda latinoamericana y caribe\u00f1a, fundado por el Partido de\nlos Trabajadores (PT) de Brasil en 1990 para debatir estrategias a seguir ante\nel avance del neoliberalismo en la regi\u00f3n.<\/p>\n\n\n\n<p>Para el l\u00edder de la juventud ind\u00edgena del estado Bol\u00edvar,\nPedro Requena, fue de gran importancia que este a\u00f1o se celebrara el foro en\nCaracas en vista de que la meta del socialismo en todas sus expresiones y su\nrespuesta a las maniobras de dominaci\u00f3n hegem\u00f3nica fueron elementos de debate\nen medio de las condiciones de agresi\u00f3n contra el pa\u00eds que nuevamente fue\ntribuna de defensa a la autodeterminaci\u00f3n y la paz.<\/p>\n\n\n\n<p>Destac\u00f3 que desde su trinchera, agradece a los movimientos ind\u00edgenas latinoamericanos y caribe\u00f1os por ratificar su apoyo a Venezuela en su lucha contra las agresiones del imperio, as\u00ed como el respaldo al reclamo por el cese de la injerencia norteamericana. <\/p>\n\n\n\n<p><strong>Prensa PSUV-Heres\/JJR<\/strong><\/p>\n","protected":false},"excerpt":{"rendered":"<p>Los pueblos ind\u00edgena se Venezuela, evaluaron de manera positiva la realizaci\u00f3n del Foro de Sao Paulo, en la patria grande de Bol\u00edvar y Ch\u00e1vez, siendo este una emblem\u00e1tica plataforma de partidos y movimientos pol\u00edticos de la izquierda latinoamericana y caribe\u00f1a, fundado por el Partido de los Trabajadores (PT) de Brasil en 1990 para debatir estrategias [&hellip;]<\/p>\n","protected":false},"author":2,"featured_media":140054,"comment_status":"closed","ping_status":"closed","sticky":false,"template":"","format":"standard","meta":{"footnotes":""},"categories":[11,12],"tags":[],"class_list":{"0":"post-140053","1":"post","2":"type-post","3":"status-publish","4":"format-standard","5":"has-post-thumbnail","7":"category-politica","8":"category-regionales"},"_links":{"self":[{"href":"https:\/\/elluchador.info\/index.php?rest_route=\/wp\/v2\/posts\/140053","targetHints":{"allow":["GET"]}}],"collection":[{"href":"https:\/\/elluchador.info\/index.php?rest_route=\/wp\/v2\/posts"}],"about":[{"href":"https:\/\/elluchador.info\/index.php?rest_route=\/wp\/v2\/types\/post"}],"author":[{"embeddable":true,"href":"https:\/\/elluchador.info\/index.php?rest_route=\/wp\/v2\/users\/2"}],"replies":[{"embeddable":true,"href":"https:\/\/elluchador.info\/index.php?rest_route=%2Fwp%2Fv2%2Fcomments&post=140053"}],"version-history":[{"count":2,"href":"https:\/\/elluchador.info\/index.php?rest_route=\/wp\/v2\/posts\/140053\/revisions"}],"predecessor-version":[{"id":140058,"href":"https:\/\/elluchador.info\/index.php?rest_route=\/wp\/v2\/posts\/140053\/revisions\/140058"}],"wp:featuredmedia":[{"embeddable":true,"href":"https:\/\/elluchador.info\/index.php?rest_route=\/wp\/v2\/media\/140054"}],"wp:attachment":[{"href":"https:\/\/elluchador.info\/index.php?rest_route=%2Fwp%2Fv2%2Fmedia&parent=140053"}],"wp:term":[{"taxonomy":"category","embeddable":true,"href":"https:\/\/elluchador.info\/index.php?rest_route=%2Fwp%2Fv2%2Fcategories&post=140053"},{"taxonomy":"post_tag","embeddable":true,"href":"https:\/\/elluchador.info\/index.php?rest_route=%2Fwp%2Fv2%2Ftags&post=140053"}],"curies":[{"name":"wp","href":"https:\/\/api.w.org\/{rel}","templated":true}]}}