{"id":140059,"date":"2019-08-06T07:17:51","date_gmt":"2019-08-06T11:17:51","guid":{"rendered":"https:\/\/elluchador.info\/web\/?p=140059"},"modified":"2019-08-05T15:30:01","modified_gmt":"2019-08-05T19:30:01","slug":"gonzalez-fedecamaras-bolivar-ampliara-la-representacion-gremial-con-los-municipios-del-sur-y-cedeno","status":"publish","type":"post","link":"https:\/\/elluchador.info\/?p=140059","title":{"rendered":"Gonz\u00e1lez: \u201cFedec\u00e1maras Bol\u00edvar ampliar\u00e1 la representaci\u00f3n gremial con los municipios del sur y Cede\u00f1o\u201d"},"content":{"rendered":"\n<p>&nbsp;\u201cLa nueva junta directiva de Fedec\u00e1maras\nBol\u00edvar liderada por Jos\u00e9 Alfredo Olivo, consolidar\u00e1 las c\u00e1maras de comercio en\nlos municipios que no tienen. Se tratar\u00e1 de ampliar la representaci\u00f3n de todos\nlos municipios en Fedec\u00e1maras y haremos los esfuerzos con los municipios del\nSur y el municipio Cede\u00f1o, ya que hay que reactivar con el sector comercial y\nempresarial la C\u00e1mara de Comercio de Caicara del Orinoco\u201d, dijo Austerio\nGonz\u00e1lez, primer Vicepresidente de este organismo gremial tan importante del\nestado Bol\u00edvar.<\/p>\n\n\n\n<p>En\nuna conversaci\u00f3n franca el expresidente de la C\u00e1mara de Comercio e Industrias\ndel estado Bol\u00edvar revel\u00f3 las l\u00edneas de acci\u00f3n de esta nueva gesti\u00f3n de la que\nforma equipo, resaltando la alternabilidad y filosof\u00eda de trabajo.<\/p>\n\n\n\n<p>Destac\u00f3\nque el actual comit\u00e9 ejecutivo est\u00e1 conformado por cuatro ex presidentes de\nc\u00e1maras como Olivo, quien viene de presidir Asocomercio San F\u00e9lix; Clemente\nTenia, segundo vicepresidente, viene de ser presidente de la C\u00e1mara\nInmobiliaria y Yuseppi Palumbo, tesorero quien viene de presidir la C\u00e1mara de\nPiar, y la Directora Ejecutiva es Maritza Bi\u00f1oles.<\/p>\n\n\n\n<p><strong>&nbsp;\u00bfHacia\nd\u00f3nde estar\u00e1n dirigidos los esfuerzos de Fedec\u00e1maras Bol\u00edvar?<\/strong><\/p>\n\n\n\n<p>Esta\nnueva junta de Fedec\u00e1maras Bol\u00edvar 2019-2021 fortalecer\u00e1 y dar\u00e1 continuidad a\nlo que se viene haciendo en los \u00faltimos dos periodos liderados por Fernando\nCepeda y Joni Houda, ya que iniciaron la organizaci\u00f3n y dieron los pasos para\nconsolidar con un criterio definido y gremialistas las trece c\u00e1maras que\nestaban afiliadas, hoy son quince.<\/p>\n\n\n\n<p>Recordemos\nque Houda fortaleci\u00f3 el equipo como gremio y a las distintas c\u00e1maras y a Jos\u00e9\nAlfredo Olivo le tocar\u00e1 hacer un esfuerzo en ampliar la membrec\u00eda de c\u00e1maras\nafiliadas, ahora estamos distribuyendo las responsabilidades.<\/p>\n\n\n\n<p>&nbsp;<strong>\u00bfCu\u00e1l\nes la situaci\u00f3n del sector empresarial en la entidad?<\/strong><\/p>\n\n\n\n<p>Bol\u00edvar\npor el efecto de la actividad minera, es un estado burbuja, aunque venimos de\nun shock por el combustible lo que caus\u00f3 sus efectos en los municipios del sur\ny se extendi\u00f3 por efecto domin\u00f3 en todo el estado. Indudablemente se vio que\nhubo un receso en la inflaci\u00f3n pero el problema que se presenta a nivel\nnacional est\u00e1n creciendo negocios de alimentos y v\u00edveres con anaqueles llenos\npero no hay quien compre porque la capacidad adquisitiva ha disminuido y no hay\nquien compre las cosas, hay un estancamiento lo que ha influido en el \u00edndice\ninflacionario ya que los productos no tienen rotaci\u00f3n.<\/p>\n\n\n\n<p>Comerciantes\nhan tenido que vender los productos a precio de costo para que roten, de alguna\nforma recuperar la inversi\u00f3n que han hecho y porque son productos perecederos.<\/p>\n\n\n\n<p>Esto\nes una caracter\u00edstica de una econom\u00eda enferma, porque no se puede hablar que se\nva a desmontar la hiperinflaci\u00f3n con consecuencias peores a mediano plazo.<\/p>\n\n\n\n<p>Insistimos\nque hay que superar la econom\u00eda de puerto, tenemos que en conjunto todos los\nfactores tomen las decisiones econ\u00f3micas adecuadas al problema que tenemos,\npara que produzcan los resultados deseados como el poder adquisitivo del\npersonal para que dinamice el aparato productivo y fomente lo hecho en Venezuela,\n&nbsp;que se dependa menos de las divisas, deben tomarse unas medidas\necon\u00f3micas consensuadas entre empleador, empleado y gobierno.<\/p>\n\n\n\n<p>Aunque\nen el caso de Bol\u00edvar no estamos en los extremos de racionamiento de energ\u00eda\nel\u00e9ctrica como en el Zulia, pero esto es parte de las decisiones que hay que\ntomar para recuperar el sistema el\u00e9ctrico, como tambi\u00e9n la producci\u00f3n petrolera\nya que esto le dar\u00e1 las bases para una econom\u00eda no dependiente del petr\u00f3leo.<\/p>\n\n\n\n<p>Tambi\u00e9n\nhay que recuperar la producci\u00f3n agr\u00edcola y pecuaria, hay hect\u00e1reas dedicadas a\nello pero no hay insumos, eso es otro problema. Hay que llevar a un 70 u 80 por\nciento la producci\u00f3n del sector primaria lo que nos har\u00eda depender menos de las\nimportaciones, Indudablemente estos pasos hay que darlos en di\u00e1logo con reglas\nclaras para los actores, las cuales generen confianza.<\/p>\n\n\n\n<p>&nbsp;<strong>\u00bfCu\u00e1l\nes la l\u00ednea formativa hacia la que va Fedec\u00e1maras Bol\u00edvar en la actualidad?<\/strong><\/p>\n\n\n\n<p>Fedec\u00e1maras\nBol\u00edvar se ha preocupado por darles herramientas a las c\u00e1maras afiliadas y sus\nmiembros y atendiendo a esta necesidad, Fedec\u00e1maras nacional ha hecho un\nesfuerzo en concordancia con las Fedec\u00e1maras regionales con el proyecto de los\nclubes de emprendimiento con la finalidad de hacer un nicho de nuevos\nempresarios, y que en un mediano plazo los emprendedores puedan generar empleo\ny pagar impuestos, por supuesto.<\/p>\n\n\n\n<p>En\nla actualidad se tiene el club de emprendedores de Ciudad Guayana, se est\u00e1\nhaciendo los esfuerzos con la C\u00e1mara de Comercio e Industrias del estado\nBol\u00edvar para crear el Club de Emprendedores Angostura y el de Piar, en Upata.<\/p>\n\n\n\n<p><strong>\u00bfQu\u00e9\npiensa usted sobre los impuestos de ingresos brutos que imponen las alcald\u00edas?<\/strong><\/p>\n\n\n\n<p>Estamos\norganizando talleres y foros con profesionales especialistas en impuestos como\nlos que se tiene que pagar al SENIAT, impuestos municipales ya que las\nAlcald\u00edas se han transformado en un obst\u00e1culo para el crecimiento a la econom\u00eda\nya que est\u00e1n colocando tasas impositivas muy altas, las cuales son un peso muy\nalto para los negocios peque\u00f1os, los cuales han cerrado.<\/p>\n\n\n\n<p>Se les hace un llamado a los alcaldes, hay que pensar en que los empresarios avancen, reduzcan las cargas impositivas, ya que esto produce un efecto contrario en la econom\u00eda de los municipios. <\/p>\n\n\n\n<p>Redacci\u00f3n\/CNP 12.355<\/p>\n","protected":false},"excerpt":{"rendered":"<p>&nbsp;\u201cLa nueva junta directiva de Fedec\u00e1maras Bol\u00edvar liderada por Jos\u00e9 Alfredo Olivo, consolidar\u00e1 las c\u00e1maras de comercio en los municipios que no tienen. Se tratar\u00e1 de ampliar la representaci\u00f3n de todos los municipios en Fedec\u00e1maras y haremos los esfuerzos con los municipios del Sur y el municipio Cede\u00f1o, ya que hay que reactivar con el [&hellip;]<\/p>\n","protected":false},"author":2,"featured_media":140061,"comment_status":"closed","ping_status":"closed","sticky":false,"template":"","format":"standard","meta":{"footnotes":""},"categories":[6,12],"tags":[],"class_list":{"0":"post-140059","1":"post","2":"type-post","3":"status-publish","4":"format-standard","5":"has-post-thumbnail","7":"category-economia","8":"category-regionales"},"_links":{"self":[{"href":"https:\/\/elluchador.info\/index.php?rest_route=\/wp\/v2\/posts\/140059","targetHints":{"allow":["GET"]}}],"collection":[{"href":"https:\/\/elluchador.info\/index.php?rest_route=\/wp\/v2\/posts"}],"about":[{"href":"https:\/\/elluchador.info\/index.php?rest_route=\/wp\/v2\/types\/post"}],"author":[{"embeddable":true,"href":"https:\/\/elluchador.info\/index.php?rest_route=\/wp\/v2\/users\/2"}],"replies":[{"embeddable":true,"href":"https:\/\/elluchador.info\/index.php?rest_route=%2Fwp%2Fv2%2Fcomments&post=140059"}],"version-history":[{"count":2,"href":"https:\/\/elluchador.info\/index.php?rest_route=\/wp\/v2\/posts\/140059\/revisions"}],"predecessor-version":[{"id":140064,"href":"https:\/\/elluchador.info\/index.php?rest_route=\/wp\/v2\/posts\/140059\/revisions\/140064"}],"wp:featuredmedia":[{"embeddable":true,"href":"https:\/\/elluchador.info\/index.php?rest_route=\/wp\/v2\/media\/140061"}],"wp:attachment":[{"href":"https:\/\/elluchador.info\/index.php?rest_route=%2Fwp%2Fv2%2Fmedia&parent=140059"}],"wp:term":[{"taxonomy":"category","embeddable":true,"href":"https:\/\/elluchador.info\/index.php?rest_route=%2Fwp%2Fv2%2Fcategories&post=140059"},{"taxonomy":"post_tag","embeddable":true,"href":"https:\/\/elluchador.info\/index.php?rest_route=%2Fwp%2Fv2%2Ftags&post=140059"}],"curies":[{"name":"wp","href":"https:\/\/api.w.org\/{rel}","templated":true}]}}