{"id":140073,"date":"2019-08-06T02:56:51","date_gmt":"2019-08-06T06:56:51","guid":{"rendered":"https:\/\/elluchador.info\/web\/?p=140073"},"modified":"2019-08-05T16:00:40","modified_gmt":"2019-08-05T20:00:40","slug":"con-misa-de-accion-de-gracias-bomberos-de-ciudad-bolivar-celebraron-sus-72-aniversarios","status":"publish","type":"post","link":"https:\/\/elluchador.info\/?p=140073","title":{"rendered":"Con misa de acci\u00f3n de gracias Bomberos de Ciudad Bol\u00edvar celebraron sus 72 aniversarios"},"content":{"rendered":"\n<p>Con una emotiva misa de acci\u00f3n de gracias, funcionarios del Cuerpo de Bomberos de Ciudad Bol\u00edvar celebraron \u00a0el septuag\u00e9simo segundo aniversarios de esta dependencia al servicio del pueblo bolivarense.<\/p>\n\n\n\n<p>El director de los Bomberos Municipales, coronel Jos\u00e9 Yldemaro Navarro,\nacompa\u00f1ado de Jos\u00e9 Gregorio Romero, &nbsp;director de Protecci\u00f3n Civil\nmunicipal junto a todo el personal bomberil, dieron inicio al acto de\ncelebraci\u00f3n en el marco de la conmemoraci\u00f3n de unos de los cuerpos de bomberos\nm\u00e1s importantes de la geograf\u00eda nacional.<\/p>\n\n\n\n<p>Coronel Jos\u00e9 Yldemaro Navarro se\u00f1al\u00f3, con la realizaci\u00f3n de la misa de\nAcci\u00f3n de Gracias, el personal del Cuerpo de Los Bomberos de Ciudad Bol\u00edvar\npidi\u00f3 por la paz, la integraci\u00f3n y el trabajo en equipo para el bienestar de\nlos ciudadanos en Heres.<\/p>\n\n\n\n<p>Acot\u00f3 que gracias a las pol\u00edticas de trabajo del Alcalde del Municipio\nHeres, Sergio Hern\u00e1ndez, hoy los h\u00e9roes de azul agradecen el rango y valor que\nse les brinda para seguir impulsando el desarrollo del municipio Heres a trav\u00e9s\ndel trabajo diario que con amor realizan estos hombres y mujeres altamente\nprofesionales.<\/p>\n\n\n\n<p><strong>Brigada infantil y juvenil presentes<\/strong><\/p>\n\n\n\n<p>Asimismo los integrantes de la primera Brigada Infantil y Juvenil de los\nBomberitos General Divisi\u00f3n Tom\u00e1s de Heres acompa\u00f1aron en esta misa como parte\nde este cuerpo de bomberos en Heres.<\/p>\n\n\n\n<p>Para finalizar, Navarro se\u00f1al\u00f3 \u201cgracias a los peque\u00f1os que hicieron acto de presencia, ellos tienen todo mi respeto y el respaldo de los hombres y mujeres de fuego, quienes los capacitan y ense\u00f1an d\u00eda a d\u00eda cada una de las t\u00e9cnicas necesarias para combatir un incendio adem\u00e1s de salvaguardarse en caso de una emergencia. \u00a0<\/p>\n\n\n\n<p><strong>Prensa Alcald\u00eda de Heres\/EF<\/strong><\/p>\n","protected":false},"excerpt":{"rendered":"<p>Con una emotiva misa de acci\u00f3n de gracias, funcionarios del Cuerpo de Bomberos de Ciudad Bol\u00edvar celebraron \u00a0el septuag\u00e9simo segundo aniversarios de esta dependencia al servicio del pueblo bolivarense. El director de los Bomberos Municipales, coronel Jos\u00e9 Yldemaro Navarro, acompa\u00f1ado de Jos\u00e9 Gregorio Romero, &nbsp;director de Protecci\u00f3n Civil municipal junto a todo el personal bomberil, [&hellip;]<\/p>\n","protected":false},"author":2,"featured_media":140076,"comment_status":"closed","ping_status":"closed","sticky":false,"template":"","format":"standard","meta":{"footnotes":""},"categories":[12],"tags":[],"class_list":{"0":"post-140073","1":"post","2":"type-post","3":"status-publish","4":"format-standard","5":"has-post-thumbnail","7":"category-regionales"},"_links":{"self":[{"href":"https:\/\/elluchador.info\/index.php?rest_route=\/wp\/v2\/posts\/140073","targetHints":{"allow":["GET"]}}],"collection":[{"href":"https:\/\/elluchador.info\/index.php?rest_route=\/wp\/v2\/posts"}],"about":[{"href":"https:\/\/elluchador.info\/index.php?rest_route=\/wp\/v2\/types\/post"}],"author":[{"embeddable":true,"href":"https:\/\/elluchador.info\/index.php?rest_route=\/wp\/v2\/users\/2"}],"replies":[{"embeddable":true,"href":"https:\/\/elluchador.info\/index.php?rest_route=%2Fwp%2Fv2%2Fcomments&post=140073"}],"version-history":[{"count":1,"href":"https:\/\/elluchador.info\/index.php?rest_route=\/wp\/v2\/posts\/140073\/revisions"}],"predecessor-version":[{"id":140078,"href":"https:\/\/elluchador.info\/index.php?rest_route=\/wp\/v2\/posts\/140073\/revisions\/140078"}],"wp:featuredmedia":[{"embeddable":true,"href":"https:\/\/elluchador.info\/index.php?rest_route=\/wp\/v2\/media\/140076"}],"wp:attachment":[{"href":"https:\/\/elluchador.info\/index.php?rest_route=%2Fwp%2Fv2%2Fmedia&parent=140073"}],"wp:term":[{"taxonomy":"category","embeddable":true,"href":"https:\/\/elluchador.info\/index.php?rest_route=%2Fwp%2Fv2%2Fcategories&post=140073"},{"taxonomy":"post_tag","embeddable":true,"href":"https:\/\/elluchador.info\/index.php?rest_route=%2Fwp%2Fv2%2Ftags&post=140073"}],"curies":[{"name":"wp","href":"https:\/\/api.w.org\/{rel}","templated":true}]}}