{"id":140111,"date":"2019-08-06T12:28:20","date_gmt":"2019-08-06T16:28:20","guid":{"rendered":"https:\/\/elluchador.info\/web\/?p=140111"},"modified":"2019-08-06T12:28:35","modified_gmt":"2019-08-06T16:28:35","slug":"mexico-teme-que-autor-de-tiroteo-en-el-paso-pertenezca-a-red-de-supremacistas","status":"publish","type":"post","link":"https:\/\/elluchador.info\/?p=140111","title":{"rendered":"M\u00e9xico teme que autor de tiroteo en El Paso pertenezca a red de supremacistas"},"content":{"rendered":"\n<p>El Gobierno de M\u00e9xico se mostr\u00f3 este martes preocupado porque el autor del tiroteo en El Paso, Texas, que dej\u00f3 22 muertos, entre ellos 8 mexicanos, est\u00e9 vinculado a red de supremacistas blancos y que estos preparen otros ataques.<\/p>\n\n\n\n<p>\u00ab<strong>Nos preocupa que otras personas piensen igual que este sujeto<\/strong>\u00ab, dijo el canciller mexicano, Marcelo Ebrard, en conferencia de prensa desde el Palacio Nacional.<\/p>\n\n\n\n<p>Ante esa intranquilidad, el diplom\u00e1tico dijo que es indispensable participar en la investigaci\u00f3n que llevar\u00e1 a cabo la Fiscal\u00eda General de la Rep\u00fablica (FGR) de M\u00e9xico con el auxilio de la Secretar\u00eda de Relaciones Exteriores (SRE), que encabeza Ebrard.<\/p>\n\n\n\n<p>\u00abEsto para poder estimar si hay v\u00ednculos de otras persona con este sujetos y si efectivamente el manifiesto que se hizo p\u00fablico es de su autor\u00eda. Esta preocupaci\u00f3n se la externamos a las autoridades estadounidenses y encontramos disposici\u00f3n\u00bb, apunt\u00f3 el canciller.<\/p>\n\n\n\n<p>Seg\u00fan algunos medios, en un presunto manifiesto, el tirador apunt\u00f3 que el \u00abataque es una respuesta a la invasi\u00f3n hispana de Texas\u00bb, poco antes del ataque perpetrado el pasado s\u00e1bado.<\/p>\n\n\n\n<p>Ante ello, Ebrard se\u00f1al\u00f3 que la respuesta de M\u00e9xico no se quedar\u00e1 en un pronunciamiento o una nota diplom\u00e1tica sobre el tiroteo y, en cambio, dar\u00e1 paso a acciones legales como una denuncia por terrorismo contra el autor del ataque.<\/p>\n\n\n\n<p>\u00ab<strong>Este d\u00eda proporcionaremos a la FGR todos los elementos con los que contamos hasta ahora para que se integre debidamente la carpeta de investigaci\u00f3n que la Fiscal\u00eda abri\u00f3<\/strong>\u00ab, expuso.<\/p>\n\n\n\n<p>Consider\u00f3, sin duda, que el tiroteo de El Paso \u00abes una de las tragedias m\u00e1s grandes\u00bb que le ha tocado vivir a mexicanos en territorio estadounidense.<\/p>\n\n\n\n<p>\u00ab<strong>No creo exagerar en decir que es la tragedia m\u00e1s grande que hemos visto (de mexicanos en EEUU)\u00bb, apunt\u00f3.<\/strong>&nbsp;Y explic\u00f3 que el ataque fue a una comunidad binacional porque la cantidad de hispanos o mexicanos en El Paso \u00abes enorme\u00bb.<\/p>\n\n\n\n<p>El canciller asegur\u00f3 que \u00abtipificar\u00bb los hechos como terrorismo van a tener \u00abmuchas implicaciones\u00bb. Todo ello aparece contemplado en la nota diplom\u00e1tica que hoy mismo se dar\u00e1 a conocer.<\/p>\n\n\n\n<p>\u00abDada la naturaleza de los eventos, no es un hecho aislado en s\u00ed mismo, sino parte de un acto de terrorismo\u00bb, apunt\u00f3 el titular de la Secretar\u00eda de Relaciones Exteriores (SRE).<\/p>\n\n\n\n<p>Precis\u00f3 que es un acto de terrorismo \u00abporque as\u00ed est\u00e1 establecido en el C\u00f3digo Penal de M\u00e9xico\u00bb adem\u00e1s habr\u00e1 una acci\u00f3n legal por el arma utilizada.<\/p>\n\n\n\n<p>EFE<\/p>\n","protected":false},"excerpt":{"rendered":"<p>El Gobierno de M\u00e9xico se mostr\u00f3 este martes preocupado porque el autor del tiroteo en El Paso, Texas, que dej\u00f3 22 muertos, entre ellos 8 mexicanos, est\u00e9 vinculado a red de supremacistas blancos y que estos preparen otros ataques. \u00abNos preocupa que otras personas piensen igual que este sujeto\u00ab, dijo el canciller mexicano, Marcelo Ebrard, [&hellip;]<\/p>\n","protected":false},"author":2,"featured_media":140114,"comment_status":"closed","ping_status":"closed","sticky":false,"template":"","format":"standard","meta":{"footnotes":""},"categories":[8],"tags":[],"class_list":{"0":"post-140111","1":"post","2":"type-post","3":"status-publish","4":"format-standard","5":"has-post-thumbnail","7":"category-internacionales"},"_links":{"self":[{"href":"https:\/\/elluchador.info\/index.php?rest_route=\/wp\/v2\/posts\/140111","targetHints":{"allow":["GET"]}}],"collection":[{"href":"https:\/\/elluchador.info\/index.php?rest_route=\/wp\/v2\/posts"}],"about":[{"href":"https:\/\/elluchador.info\/index.php?rest_route=\/wp\/v2\/types\/post"}],"author":[{"embeddable":true,"href":"https:\/\/elluchador.info\/index.php?rest_route=\/wp\/v2\/users\/2"}],"replies":[{"embeddable":true,"href":"https:\/\/elluchador.info\/index.php?rest_route=%2Fwp%2Fv2%2Fcomments&post=140111"}],"version-history":[{"count":1,"href":"https:\/\/elluchador.info\/index.php?rest_route=\/wp\/v2\/posts\/140111\/revisions"}],"predecessor-version":[{"id":140115,"href":"https:\/\/elluchador.info\/index.php?rest_route=\/wp\/v2\/posts\/140111\/revisions\/140115"}],"wp:featuredmedia":[{"embeddable":true,"href":"https:\/\/elluchador.info\/index.php?rest_route=\/wp\/v2\/media\/140114"}],"wp:attachment":[{"href":"https:\/\/elluchador.info\/index.php?rest_route=%2Fwp%2Fv2%2Fmedia&parent=140111"}],"wp:term":[{"taxonomy":"category","embeddable":true,"href":"https:\/\/elluchador.info\/index.php?rest_route=%2Fwp%2Fv2%2Fcategories&post=140111"},{"taxonomy":"post_tag","embeddable":true,"href":"https:\/\/elluchador.info\/index.php?rest_route=%2Fwp%2Fv2%2Ftags&post=140111"}],"curies":[{"name":"wp","href":"https:\/\/api.w.org\/{rel}","templated":true}]}}