{"id":140126,"date":"2019-08-07T06:08:50","date_gmt":"2019-08-07T10:08:50","guid":{"rendered":"https:\/\/elluchador.info\/web\/?p=140126"},"modified":"2019-08-06T13:58:06","modified_gmt":"2019-08-06T17:58:06","slug":"psuv-heres-se-prepara-para-elecciones-parlamentarias-del-ano-2020","status":"publish","type":"post","link":"https:\/\/elluchador.info\/?p=140126","title":{"rendered":"PSUV Heres se prepara para elecciones parlamentarias del a\u00f1o 2020"},"content":{"rendered":"\n<p><em> <\/em>Luego de la asamblea realizada por la directiva del glorioso Partido Socialista Unido de Venezuela (PSUV), efectuada en Yaracuy, encabezada por su Vicepresidente, Diosdado Cabello, acompa\u00f1ado por el Vicepresidente Territorial para el estado Bol\u00edvar, Justo Noguera Pietri, el equipo pol\u00edtico municipal, liderado por el coordinador local, Sergio Hern\u00e1ndez, inform\u00f3 que la tolda roja est\u00e1 preparada para las elecciones parlamentarias a m\u00e1s tardar el a\u00f1o 2020, tal como lo establece la Constituci\u00f3n de la Rep\u00fablica Bolivariana de Venezuela.<\/p>\n\n\n\n<p>El coordinador municipal del PSUV y Alcalde del\nmunicipio Heres, detall\u00f3 que \u201ctodos est\u00e1n muy claros que esas elecciones\ncorresponder\u00e1n a la Asamblea Nacional (AN) que vence su periodo y\nconstitucionalmente est\u00e1 establecido que en el a\u00f1o 2020 se har\u00e1n elecciones\nparlamentarias en Venezuela para el Parlamento nacional donde el PSUV va a\npresentar sus candidatos y candidatas, ya estamos preparados para esa gran\nfiesta electoral\u201d.<\/p>\n\n\n\n<p>Hern\u00e1ndez, destac\u00f3 que el PSUV tiene presencia\npermanente diaria en cada una de las parroquias que conforman el municipio\nHeres, \u201cgracias a un trabajo organizado y planificado junto con las bases del\npartido vamos casa por casa, calle por calle, hemos llegados a los sectores\nagr\u00edcolas, a nuestros pescadores y comuneros llevando el mensaje de amor del\nComandante Ch\u00e1vez y las pol\u00edticas sociales del presidente Nicol\u00e1s Maduro\u201d. <\/p>\n\n\n\n<p>Resalt\u00f3\nque a trav\u00e9s de la Red de Articulaci\u00f3n y Acci\u00f3n Sociopol\u00edtica (RAAS), se ha\nrealizado un trabajo extraordinario, logrando as\u00ed actualizar la data del\nPartido Socialista Unido de Venezuela en el municipio Heres. <\/p>\n\n\n\n<p>Dijo\nque actualmente las bases de la tolda roja en Ciudad Bol\u00edvar, se mantienen en\nplena capacitaci\u00f3n ideol\u00f3gica, con la finalidad de seguir protegiendo los\nlogros de la revoluci\u00f3n a lo largo y ancho del estado Bol\u00edvar.<\/p>\n\n\n\n<p>\u00abNuestro\npartido se mantiene en plena capacitaci\u00f3n, recientemente nos visitaron 720\npersonas del extranjero representando partidos pol\u00edticos del mundo en el Foro\nde Sao Paulo, movimientos sociales, fuerzas vivas de todos los continentes para\nVenezuela y con sus ideas, aportes y estrategias se le ha dado un reimpulso a la\nesta Revoluci\u00f3n de amor\u00bb.<\/p>\n\n\n\n<p><strong>Nueva agenda <\/strong><\/p>\n\n\n\n<p>El\ncoordinador municipal del PSUV, dijo que las bases del partido se preparan para\nactivar una nueva l\u00ednea de trabajo en cinco \u00e1reas que fueron objeto central de\ndiscusi\u00f3n: \u00abTenemos para este mes de agosto un congreso de los trabajadores, de\nlas mujeres en septiembre, de los pueblos ind\u00edgenas en octubre, de la juventud\nen noviembre\u00bb, nueva agenda de organizaci\u00f3n nacida del Foro de Sao Paulo.<\/p>\n\n\n\n<p>Hern\u00e1ndez, invit\u00f3 al pueblo bolivarense estar en pie de guerra y listo para asumir con gallard\u00eda los nuevos retos de la Revoluci\u00f3n Bolivariana.<\/p>\n\n\n\n<p><strong>Prensa PSUV-Heres\/JJR<\/strong><\/p>\n","protected":false},"excerpt":{"rendered":"<p>Luego de la asamblea realizada por la directiva del glorioso Partido Socialista Unido de Venezuela (PSUV), efectuada en Yaracuy, encabezada por su Vicepresidente, Diosdado Cabello, acompa\u00f1ado por el Vicepresidente Territorial para el estado Bol\u00edvar, Justo Noguera Pietri, el equipo pol\u00edtico municipal, liderado por el coordinador local, Sergio Hern\u00e1ndez, inform\u00f3 que la tolda roja est\u00e1 preparada [&hellip;]<\/p>\n","protected":false},"author":2,"featured_media":140131,"comment_status":"closed","ping_status":"closed","sticky":false,"template":"","format":"standard","meta":{"footnotes":""},"categories":[11],"tags":[],"class_list":{"0":"post-140126","1":"post","2":"type-post","3":"status-publish","4":"format-standard","5":"has-post-thumbnail","7":"category-politica"},"_links":{"self":[{"href":"https:\/\/elluchador.info\/index.php?rest_route=\/wp\/v2\/posts\/140126","targetHints":{"allow":["GET"]}}],"collection":[{"href":"https:\/\/elluchador.info\/index.php?rest_route=\/wp\/v2\/posts"}],"about":[{"href":"https:\/\/elluchador.info\/index.php?rest_route=\/wp\/v2\/types\/post"}],"author":[{"embeddable":true,"href":"https:\/\/elluchador.info\/index.php?rest_route=\/wp\/v2\/users\/2"}],"replies":[{"embeddable":true,"href":"https:\/\/elluchador.info\/index.php?rest_route=%2Fwp%2Fv2%2Fcomments&post=140126"}],"version-history":[{"count":1,"href":"https:\/\/elluchador.info\/index.php?rest_route=\/wp\/v2\/posts\/140126\/revisions"}],"predecessor-version":[{"id":140133,"href":"https:\/\/elluchador.info\/index.php?rest_route=\/wp\/v2\/posts\/140126\/revisions\/140133"}],"wp:featuredmedia":[{"embeddable":true,"href":"https:\/\/elluchador.info\/index.php?rest_route=\/wp\/v2\/media\/140131"}],"wp:attachment":[{"href":"https:\/\/elluchador.info\/index.php?rest_route=%2Fwp%2Fv2%2Fmedia&parent=140126"}],"wp:term":[{"taxonomy":"category","embeddable":true,"href":"https:\/\/elluchador.info\/index.php?rest_route=%2Fwp%2Fv2%2Fcategories&post=140126"},{"taxonomy":"post_tag","embeddable":true,"href":"https:\/\/elluchador.info\/index.php?rest_route=%2Fwp%2Fv2%2Ftags&post=140126"}],"curies":[{"name":"wp","href":"https:\/\/api.w.org\/{rel}","templated":true}]}}