{"id":140189,"date":"2019-08-07T13:43:44","date_gmt":"2019-08-07T17:43:44","guid":{"rendered":"https:\/\/elluchador.info\/web\/?p=140189"},"modified":"2019-08-07T13:43:55","modified_gmt":"2019-08-07T17:43:55","slug":"tribunal-supremo-de-puerto-rico-falla-en-contra-de-pedro-pierluisi-wanda-vazquez-sera-la-gobernadora","status":"publish","type":"post","link":"https:\/\/elluchador.info\/?p=140189","title":{"rendered":"Tribunal Supremo de Puerto Rico falla en contra de Pedro Pierluisi, Wanda V\u00e1zquez ser\u00e1 la gobernadora"},"content":{"rendered":"\n<p>El Tribunal Supremo de Puerto Rico determin\u00f3 de forma un\u00e1nime que el juramento de Pedro Pierluisi como Gobernador es inconstitucional.<\/p>\n\n\n\n<p>La determinaci\u00f3n del Supremo le da la raz\u00f3n a los argumentos estipulados en los alegatos del Senado que indican que la Ley 7, seg\u00fan enmendada en el 2005, no justifica la juramentaci\u00f3n de Pierluisi tras \u00e9ste no haber sido evaluado por la C\u00e1mara Alta.<\/p>\n\n\n\n<p>Ante esto, la secretaria de Justicia Wanda V\u00e1zquez debe ser quien asuma el cargo por orden constitucional.<\/p>\n\n\n\n<p>Pierluisi fue nominado a Secretario de Estado por el renunciante gobernador Ricardo Rossell\u00f3 el 31 de julio y jurament\u00f3 al puesto de Primer Ejecutivo el viernes pasado.<\/p>\n\n\n\n<p>AP<\/p>\n","protected":false},"excerpt":{"rendered":"<p>El Tribunal Supremo de Puerto Rico determin\u00f3 de forma un\u00e1nime que el juramento de Pedro Pierluisi como Gobernador es inconstitucional. La determinaci\u00f3n del Supremo le da la raz\u00f3n a los argumentos estipulados en los alegatos del Senado que indican que la Ley 7, seg\u00fan enmendada en el 2005, no justifica la juramentaci\u00f3n de Pierluisi tras [&hellip;]<\/p>\n","protected":false},"author":2,"featured_media":140190,"comment_status":"closed","ping_status":"closed","sticky":false,"template":"","format":"standard","meta":{"footnotes":""},"categories":[5,8],"tags":[],"class_list":{"0":"post-140189","1":"post","2":"type-post","3":"status-publish","4":"format-standard","5":"has-post-thumbnail","7":"category-destacado","8":"category-internacionales"},"_links":{"self":[{"href":"https:\/\/elluchador.info\/index.php?rest_route=\/wp\/v2\/posts\/140189","targetHints":{"allow":["GET"]}}],"collection":[{"href":"https:\/\/elluchador.info\/index.php?rest_route=\/wp\/v2\/posts"}],"about":[{"href":"https:\/\/elluchador.info\/index.php?rest_route=\/wp\/v2\/types\/post"}],"author":[{"embeddable":true,"href":"https:\/\/elluchador.info\/index.php?rest_route=\/wp\/v2\/users\/2"}],"replies":[{"embeddable":true,"href":"https:\/\/elluchador.info\/index.php?rest_route=%2Fwp%2Fv2%2Fcomments&post=140189"}],"version-history":[{"count":1,"href":"https:\/\/elluchador.info\/index.php?rest_route=\/wp\/v2\/posts\/140189\/revisions"}],"predecessor-version":[{"id":140191,"href":"https:\/\/elluchador.info\/index.php?rest_route=\/wp\/v2\/posts\/140189\/revisions\/140191"}],"wp:featuredmedia":[{"embeddable":true,"href":"https:\/\/elluchador.info\/index.php?rest_route=\/wp\/v2\/media\/140190"}],"wp:attachment":[{"href":"https:\/\/elluchador.info\/index.php?rest_route=%2Fwp%2Fv2%2Fmedia&parent=140189"}],"wp:term":[{"taxonomy":"category","embeddable":true,"href":"https:\/\/elluchador.info\/index.php?rest_route=%2Fwp%2Fv2%2Fcategories&post=140189"},{"taxonomy":"post_tag","embeddable":true,"href":"https:\/\/elluchador.info\/index.php?rest_route=%2Fwp%2Fv2%2Ftags&post=140189"}],"curies":[{"name":"wp","href":"https:\/\/api.w.org\/{rel}","templated":true}]}}