{"id":140231,"date":"2019-08-08T11:09:36","date_gmt":"2019-08-08T15:09:36","guid":{"rendered":"https:\/\/elluchador.info\/web\/?p=140231"},"modified":"2019-08-08T11:09:41","modified_gmt":"2019-08-08T15:09:41","slug":"onda-tropical-no-33-se-desplaza-sobre-el-nor-oriente-del-pais","status":"publish","type":"post","link":"https:\/\/elluchador.info\/?p=140231","title":{"rendered":"Onda Tropical N\u00ba 33 se desplaza sobre el nor-oriente del pa\u00eds"},"content":{"rendered":"\n<p>El Instituto Nacional de Meteorolog\u00eda e Hidrolog\u00eda -Inameh- inform\u00f3 que la Onda Tropical N\u00ba 33 de la temporada se desplaza sobre el nor-oriente del pa\u00eds.<\/p>\n\n\n\n<p>El fen\u00f3meno interact\u00faa con la Zona de Convergencia Intertropical, favoreciendo el desarrollo de nubosidad convectiva con precipitaciones de intensidad variable.<\/p>\n\n\n\n<p><strong>Se esperan algunas tormentas el\u00e9ctricas y r\u00e1fagas de viento en las regiones: Sur, Llanos Centrales, Nororiente, Centro Norte Costera y Territorio Esequibo<\/strong>.<\/p>\n\n\n\n<p>El resto del pa\u00eds se mantendr\u00e1 de parcial a nublado con lluvias y lloviznas durante el periodo.<\/p>\n\n\n\n<p>Cortes\u00eda Inameh<\/p>\n","protected":false},"excerpt":{"rendered":"<p>El Instituto Nacional de Meteorolog\u00eda e Hidrolog\u00eda -Inameh- inform\u00f3 que la Onda Tropical N\u00ba 33 de la temporada se desplaza sobre el nor-oriente del pa\u00eds. El fen\u00f3meno interact\u00faa con la Zona de Convergencia Intertropical, favoreciendo el desarrollo de nubosidad convectiva con precipitaciones de intensidad variable. Se esperan algunas tormentas el\u00e9ctricas y r\u00e1fagas de viento en [&hellip;]<\/p>\n","protected":false},"author":2,"featured_media":137039,"comment_status":"closed","ping_status":"closed","sticky":false,"template":"","format":"standard","meta":{"footnotes":""},"categories":[5,9],"tags":[],"class_list":{"0":"post-140231","1":"post","2":"type-post","3":"status-publish","4":"format-standard","5":"has-post-thumbnail","7":"category-destacado","8":"category-nacionales"},"_links":{"self":[{"href":"https:\/\/elluchador.info\/index.php?rest_route=\/wp\/v2\/posts\/140231","targetHints":{"allow":["GET"]}}],"collection":[{"href":"https:\/\/elluchador.info\/index.php?rest_route=\/wp\/v2\/posts"}],"about":[{"href":"https:\/\/elluchador.info\/index.php?rest_route=\/wp\/v2\/types\/post"}],"author":[{"embeddable":true,"href":"https:\/\/elluchador.info\/index.php?rest_route=\/wp\/v2\/users\/2"}],"replies":[{"embeddable":true,"href":"https:\/\/elluchador.info\/index.php?rest_route=%2Fwp%2Fv2%2Fcomments&post=140231"}],"version-history":[{"count":1,"href":"https:\/\/elluchador.info\/index.php?rest_route=\/wp\/v2\/posts\/140231\/revisions"}],"predecessor-version":[{"id":140232,"href":"https:\/\/elluchador.info\/index.php?rest_route=\/wp\/v2\/posts\/140231\/revisions\/140232"}],"wp:featuredmedia":[{"embeddable":true,"href":"https:\/\/elluchador.info\/index.php?rest_route=\/wp\/v2\/media\/137039"}],"wp:attachment":[{"href":"https:\/\/elluchador.info\/index.php?rest_route=%2Fwp%2Fv2%2Fmedia&parent=140231"}],"wp:term":[{"taxonomy":"category","embeddable":true,"href":"https:\/\/elluchador.info\/index.php?rest_route=%2Fwp%2Fv2%2Fcategories&post=140231"},{"taxonomy":"post_tag","embeddable":true,"href":"https:\/\/elluchador.info\/index.php?rest_route=%2Fwp%2Fv2%2Ftags&post=140231"}],"curies":[{"name":"wp","href":"https:\/\/api.w.org\/{rel}","templated":true}]}}