{"id":140236,"date":"2019-08-08T11:23:26","date_gmt":"2019-08-08T15:23:26","guid":{"rendered":"https:\/\/elluchador.info\/web\/?p=140236"},"modified":"2019-08-08T11:23:30","modified_gmt":"2019-08-08T15:23:30","slug":"placido-domingo-recoge-la-ovacion-de-caracalla-en-su-noche-mas-espanola","status":"publish","type":"post","link":"https:\/\/elluchador.info\/?p=140236","title":{"rendered":"Pl\u00e1cido Domingo recoge la ovaci\u00f3n de Caracalla en su noche m\u00e1s espa\u00f1ola"},"content":{"rendered":"\n<p><strong>Pl\u00e1cido Domingo&nbsp;<\/strong>regres\u00f3 a las Termas de Caracalla de Roma para convertirlas en un templo de la zarzuela espa\u00f1ola, recreando pasionales historias de amor y honor que le granjearon la ovaci\u00f3n de un p\u00fablico entregado.&nbsp;<\/p>\n\n\n\n<p>Las ruinas de este impresionante yacimiento arqueol\u00f3gico, donde la \u00d3pera de Roma celebra su temporada de verano al aire libre, acogi\u00f3 su \u00abNoche espa\u00f1ola\u00bb, un concierto con el que el cantante madrile\u00f1o quiso mostrar la vitalidad del g\u00e9nero chico.<\/p>\n\n\n\n<p>Era una noche esperada para Domingo, sobre todo porque la \u00faltima vez que cant\u00f3 en Caracalla fue en 1990, en aquel m\u00edtico concierto que ofreci\u00f3 junto a Josep Carreras y Luciano Pavarotti por la final del Mundial de F\u00fatbol de 1990. Fue el inicio de \u00abLos tres tenores\u00bb.&nbsp;<\/p>\n\n\n\n<p>El p\u00fablico que abarrot\u00f3 la platea, atendi\u00f3 con sorpresa a esas historias de amor ambientas en una Espa\u00f1a pret\u00e9rita, de duelos por amor, gr\u00e1cil, a veces chulesca, castiza y, claro, convulsa.<\/p>\n\n\n\n<p>El recital, dirigido por la batuta del alicantino Jordi Bern\u00e0cer, comenz\u00f3 a ritmo de casta\u00f1uela, con la interpretaci\u00f3n de \u00abLa boda de Luis Alfonso\u00bb por parte de la compa\u00f1\u00eda de baile Antonio Gades, que brill\u00f3 en esta apacible noche de verano.&nbsp;<\/p>\n\n\n\n<p>Acto seguido Pl\u00e1cido Domingo hizo acto de presencia, entre los aplausos de los asistentes. Un \u00abQuiero desterrar de tu pecho el temor\u00bb anunci\u00f3 la llegada de la c\u00e9lebre romanza \u00abLa del soto del Parral\u00bb, del duo Reveriano Soutullo y Juan Vert.<\/p>\n\n\n\n<p>El tenor no estuvo solo, sino que la soprano puertorrique\u00f1a Ana Mar\u00eda Mart\u00ednez se encarg\u00f3 de tomar el relevo con uno de los cl\u00e1sicos m\u00e1s populares, \u00abLa del manojo de rosas\u00bb, que consagr\u00f3 al maestro Pablo Soroz\u00e1bal.<\/p>\n\n\n\n<p>EFE<\/p>\n","protected":false},"excerpt":{"rendered":"<p>Pl\u00e1cido Domingo&nbsp;regres\u00f3 a las Termas de Caracalla de Roma para convertirlas en un templo de la zarzuela espa\u00f1ola, recreando pasionales historias de amor y honor que le granjearon la ovaci\u00f3n de un p\u00fablico entregado.&nbsp; Las ruinas de este impresionante yacimiento arqueol\u00f3gico, donde la \u00d3pera de Roma celebra su temporada de verano al aire libre, acogi\u00f3 [&hellip;]<\/p>\n","protected":false},"author":2,"featured_media":140237,"comment_status":"closed","ping_status":"closed","sticky":false,"template":"","format":"standard","meta":{"footnotes":""},"categories":[7],"tags":[],"class_list":{"0":"post-140236","1":"post","2":"type-post","3":"status-publish","4":"format-standard","5":"has-post-thumbnail","7":"category-entretenimiento"},"_links":{"self":[{"href":"https:\/\/elluchador.info\/index.php?rest_route=\/wp\/v2\/posts\/140236","targetHints":{"allow":["GET"]}}],"collection":[{"href":"https:\/\/elluchador.info\/index.php?rest_route=\/wp\/v2\/posts"}],"about":[{"href":"https:\/\/elluchador.info\/index.php?rest_route=\/wp\/v2\/types\/post"}],"author":[{"embeddable":true,"href":"https:\/\/elluchador.info\/index.php?rest_route=\/wp\/v2\/users\/2"}],"replies":[{"embeddable":true,"href":"https:\/\/elluchador.info\/index.php?rest_route=%2Fwp%2Fv2%2Fcomments&post=140236"}],"version-history":[{"count":1,"href":"https:\/\/elluchador.info\/index.php?rest_route=\/wp\/v2\/posts\/140236\/revisions"}],"predecessor-version":[{"id":140238,"href":"https:\/\/elluchador.info\/index.php?rest_route=\/wp\/v2\/posts\/140236\/revisions\/140238"}],"wp:featuredmedia":[{"embeddable":true,"href":"https:\/\/elluchador.info\/index.php?rest_route=\/wp\/v2\/media\/140237"}],"wp:attachment":[{"href":"https:\/\/elluchador.info\/index.php?rest_route=%2Fwp%2Fv2%2Fmedia&parent=140236"}],"wp:term":[{"taxonomy":"category","embeddable":true,"href":"https:\/\/elluchador.info\/index.php?rest_route=%2Fwp%2Fv2%2Fcategories&post=140236"},{"taxonomy":"post_tag","embeddable":true,"href":"https:\/\/elluchador.info\/index.php?rest_route=%2Fwp%2Fv2%2Ftags&post=140236"}],"curies":[{"name":"wp","href":"https:\/\/api.w.org\/{rel}","templated":true}]}}