{"id":140309,"date":"2019-08-09T11:29:56","date_gmt":"2019-08-09T15:29:56","guid":{"rendered":"https:\/\/elluchador.info\/web\/?p=140309"},"modified":"2019-08-09T11:30:04","modified_gmt":"2019-08-09T15:30:04","slug":"peru-expulso-a-46-venezolanos-que-ingresaron-de-forma-irregular","status":"publish","type":"post","link":"https:\/\/elluchador.info\/?p=140309","title":{"rendered":"Per\u00fa expuls\u00f3 a 46 venezolanos que ingresaron de forma irregular"},"content":{"rendered":"\n<p>Las autoridades de Per\u00fa expulsaron el pasado jueves a un cuarto grupo de venezolanos, formado por 46 personas, por haber ingresado al pa\u00eds en forma irregular, y repatriar\u00e1n a 35 peruanos que desean salir de Venezuela por la crisis.<\/p>\n\n\n\n<p>Desde el aeropuerto militar de Lima, el ministro del Interior,&nbsp;<strong>Carlos Mor\u00e1n<\/strong>, explic\u00f3 que los expulsados \u00ab<strong>constituyen un riesgo para la ciudadan\u00eda y es un deber de nosotros proteger a nuestros connacionales<\/strong>\u00ab.<\/p>\n\n\n\n<p>Con el vuelo organizado este d\u00eda, las autoridades peruanas han retornado hasta el momento a unos 200 venezolanos a su pa\u00eds, despu\u00e9s de que la Polic\u00eda Nacional los detuvo por tener documentos falsos o antecedentes policiales.<\/p>\n\n\n\n<p><strong>A ra\u00edz de la crisis pol\u00edtica y econ\u00f3mica, Per\u00fa se ha convertido en el destino de m\u00e1s de 800.000 venezolanos en los \u00faltimos dos a\u00f1os, los cuales recibieron en su mayor\u00eda un permiso temporal de permanencia.<\/strong><\/p>\n\n\n\n<p>Mor\u00e1n dijo que el vuelo militar har\u00e1 escala en Colombia y que a su retorno a Lima repatriar\u00e1 a 35 peruanos que \u00abest\u00e1n pasando duros momentos\u00bb en territorio venezolano.<\/p>\n\n\n\n<p>EFE<\/p>\n","protected":false},"excerpt":{"rendered":"<p>Las autoridades de Per\u00fa expulsaron el pasado jueves a un cuarto grupo de venezolanos, formado por 46 personas, por haber ingresado al pa\u00eds en forma irregular, y repatriar\u00e1n a 35 peruanos que desean salir de Venezuela por la crisis. Desde el aeropuerto militar de Lima, el ministro del Interior,&nbsp;Carlos Mor\u00e1n, explic\u00f3 que los expulsados \u00abconstituyen [&hellip;]<\/p>\n","protected":false},"author":2,"featured_media":140310,"comment_status":"closed","ping_status":"closed","sticky":false,"template":"","format":"standard","meta":{"footnotes":""},"categories":[5,8],"tags":[],"class_list":{"0":"post-140309","1":"post","2":"type-post","3":"status-publish","4":"format-standard","5":"has-post-thumbnail","7":"category-destacado","8":"category-internacionales"},"_links":{"self":[{"href":"https:\/\/elluchador.info\/index.php?rest_route=\/wp\/v2\/posts\/140309","targetHints":{"allow":["GET"]}}],"collection":[{"href":"https:\/\/elluchador.info\/index.php?rest_route=\/wp\/v2\/posts"}],"about":[{"href":"https:\/\/elluchador.info\/index.php?rest_route=\/wp\/v2\/types\/post"}],"author":[{"embeddable":true,"href":"https:\/\/elluchador.info\/index.php?rest_route=\/wp\/v2\/users\/2"}],"replies":[{"embeddable":true,"href":"https:\/\/elluchador.info\/index.php?rest_route=%2Fwp%2Fv2%2Fcomments&post=140309"}],"version-history":[{"count":1,"href":"https:\/\/elluchador.info\/index.php?rest_route=\/wp\/v2\/posts\/140309\/revisions"}],"predecessor-version":[{"id":140312,"href":"https:\/\/elluchador.info\/index.php?rest_route=\/wp\/v2\/posts\/140309\/revisions\/140312"}],"wp:featuredmedia":[{"embeddable":true,"href":"https:\/\/elluchador.info\/index.php?rest_route=\/wp\/v2\/media\/140310"}],"wp:attachment":[{"href":"https:\/\/elluchador.info\/index.php?rest_route=%2Fwp%2Fv2%2Fmedia&parent=140309"}],"wp:term":[{"taxonomy":"category","embeddable":true,"href":"https:\/\/elluchador.info\/index.php?rest_route=%2Fwp%2Fv2%2Fcategories&post=140309"},{"taxonomy":"post_tag","embeddable":true,"href":"https:\/\/elluchador.info\/index.php?rest_route=%2Fwp%2Fv2%2Ftags&post=140309"}],"curies":[{"name":"wp","href":"https:\/\/api.w.org\/{rel}","templated":true}]}}