{"id":140323,"date":"2019-08-09T12:58:45","date_gmt":"2019-08-09T16:58:45","guid":{"rendered":"https:\/\/elluchador.info\/web\/?p=140323"},"modified":"2019-08-09T12:58:49","modified_gmt":"2019-08-09T16:58:49","slug":"fiscal-general-califico-como-accion-genocida-bloqueo-de-eeuu","status":"publish","type":"post","link":"https:\/\/elluchador.info\/?p=140323","title":{"rendered":"Fiscal General calific\u00f3 como \u00abacci\u00f3n genocida\u00bb bloqueo de EEUU"},"content":{"rendered":"\n<p>El Fiscal General&nbsp;<strong>Tarek William Saab&nbsp;<\/strong>conden\u00f3 el bloqueo aplicado este lunes por el gobierno de Estados Unidos sobre los bienes del gobierno nacional en ese territorio y calific\u00f3 la medida como una \u00abacci\u00f3n genocida\u00bb que a su juicio constituye un delito de lesa humanidad.<\/p>\n\n\n\n<p><strong>\u00abExpresa una violaci\u00f3n masiva a los derechos humanos del pueblo: salud, alimentaci\u00f3n, desarrollo\u00bb<\/strong>, dijo durante una intervenci\u00f3n el marco de sus dos a\u00f1os al frente del Ministerio P\u00fablico.<\/p>\n\n\n\n<p>Critic\u00f3 una vez m\u00e1s la posici\u00f3n de la Alta Comisionada de los Derechos Humanos de la ONU, Michelle Bachelet, en el marco de las medidas adoptadas recientemente por la administraci\u00f3n norteamericana.<\/p>\n\n\n\n<p><strong>\u00abTuvo que ocurrir este evento para que hubiese una declaraci\u00f3n al respecto\u00bb,<\/strong>&nbsp;subray\u00f3.<\/p>\n\n\n\n<p>Ratific\u00f3 los avances que se han logrado desde su despacho y la erradicaci\u00f3n de supuestas acciones il\u00edcitas que denunci\u00f3 llevaba a cabo la gesti\u00f3n anterior.&nbsp;<strong>\u00abNo solo tenemos privados de libertad a 60 exfiscales, sino que supera las 100 investigaciones\u00bb<\/strong>, aclar\u00f3.<\/p>\n\n\n\n<p>Record\u00f3 los avances alcanzados en materia de derechos fundamentales, control de drogas, corrupci\u00f3n, violencia contra la mujer, delitos comunes, as\u00ed como la restructuraci\u00f3n de la unidad de atenci\u00f3n a las v\u00edctimas.<\/p>\n","protected":false},"excerpt":{"rendered":"<p>El Fiscal General&nbsp;Tarek William Saab&nbsp;conden\u00f3 el bloqueo aplicado este lunes por el gobierno de Estados Unidos sobre los bienes del gobierno nacional en ese territorio y calific\u00f3 la medida como una \u00abacci\u00f3n genocida\u00bb que a su juicio constituye un delito de lesa humanidad. \u00abExpresa una violaci\u00f3n masiva a los derechos humanos del pueblo: salud, alimentaci\u00f3n, [&hellip;]<\/p>\n","protected":false},"author":2,"featured_media":92530,"comment_status":"closed","ping_status":"closed","sticky":false,"template":"","format":"standard","meta":{"footnotes":""},"categories":[5,9],"tags":[],"class_list":{"0":"post-140323","1":"post","2":"type-post","3":"status-publish","4":"format-standard","5":"has-post-thumbnail","7":"category-destacado","8":"category-nacionales"},"_links":{"self":[{"href":"https:\/\/elluchador.info\/index.php?rest_route=\/wp\/v2\/posts\/140323","targetHints":{"allow":["GET"]}}],"collection":[{"href":"https:\/\/elluchador.info\/index.php?rest_route=\/wp\/v2\/posts"}],"about":[{"href":"https:\/\/elluchador.info\/index.php?rest_route=\/wp\/v2\/types\/post"}],"author":[{"embeddable":true,"href":"https:\/\/elluchador.info\/index.php?rest_route=\/wp\/v2\/users\/2"}],"replies":[{"embeddable":true,"href":"https:\/\/elluchador.info\/index.php?rest_route=%2Fwp%2Fv2%2Fcomments&post=140323"}],"version-history":[{"count":1,"href":"https:\/\/elluchador.info\/index.php?rest_route=\/wp\/v2\/posts\/140323\/revisions"}],"predecessor-version":[{"id":140324,"href":"https:\/\/elluchador.info\/index.php?rest_route=\/wp\/v2\/posts\/140323\/revisions\/140324"}],"wp:featuredmedia":[{"embeddable":true,"href":"https:\/\/elluchador.info\/index.php?rest_route=\/wp\/v2\/media\/92530"}],"wp:attachment":[{"href":"https:\/\/elluchador.info\/index.php?rest_route=%2Fwp%2Fv2%2Fmedia&parent=140323"}],"wp:term":[{"taxonomy":"category","embeddable":true,"href":"https:\/\/elluchador.info\/index.php?rest_route=%2Fwp%2Fv2%2Fcategories&post=140323"},{"taxonomy":"post_tag","embeddable":true,"href":"https:\/\/elluchador.info\/index.php?rest_route=%2Fwp%2Fv2%2Ftags&post=140323"}],"curies":[{"name":"wp","href":"https:\/\/api.w.org\/{rel}","templated":true}]}}