{"id":140384,"date":"2019-08-10T09:35:21","date_gmt":"2019-08-10T13:35:21","guid":{"rendered":"https:\/\/elluchador.info\/web\/?p=140384"},"modified":"2019-08-10T09:35:25","modified_gmt":"2019-08-10T13:35:25","slug":"manifestantes-de-hong-kong-mantienen-presion-con-nuevas-movilizaciones","status":"publish","type":"post","link":"https:\/\/elluchador.info\/?p=140384","title":{"rendered":"Manifestantes de Hong Kong mantienen presi\u00f3n con nuevas movilizaciones"},"content":{"rendered":"\n<p>Los activistas prodemocracia de Hong Kong manten\u00edan la presi\u00f3n el s\u00e1bado con manifestaciones y sentadas en el aeropuerto internacional, a lo que se a\u00f1adi\u00f3 una concentraci\u00f3n de centenares de familias en apoyo al movimiento que entra en su tercer mes.<\/p>\n\n\n\n<p>Con ni\u00f1os de todas las edades, en carritos o a pie, portando balones, cientos de familias salieron a la calle el s\u00e1bado por la ma\u00f1ana, en un ambiente distendido que contrastaba con la violencia que ha marcado las \u00faltimas manifestaciones.<\/p>\n\n\n\n<p>En coloridos folletos distribuidos entre los asistentes, un abecedario explicaba el movimiento de protesta de forma l\u00fadica a los ni\u00f1os: A de \u00abAngry\u00bb (Enfadados), D de \u00abDemonstration\u00bb (Manifestaci\u00f3n), o P de \u00abProtestation\u00bb (Protesta).<\/p>\n\n\n\n<p>Faye Lai, empleada de un teatro local que hab\u00eda acudido con su sobrina de tres a\u00f1os, confiaba en que la concentraci\u00f3n ayudara a los m\u00e1s peque\u00f1os a entender la crisis que sacude Hong Konk desde hace semanas.<\/p>\n\n\n\n<p>\u00abTenemos que explicar a los ni\u00f1os la situaci\u00f3n en que actualmente se encuentra Hong Kong y ense\u00f1arles c\u00f3mo es una buena sociedad\u00bb, se\u00f1alaba a la AFP. \u00abEl futuro\u00a0  pertenece a los ni\u00f1os. El futuro de Hong Kong les pertenece\u00bb. <\/p>\n\n\n\n<p>&#8211; Sentada en el aeropuerto &#8211;<\/p>\n\n\n\n<figure class=\"wp-block-image\"><img decoding=\"async\" src=\"https:\/\/www.afp.com\/sites\/default\/files\/nfs\/diff-intra\/espanol\/madrid\/portada\/f470de6652d2c414aceda1e535676a651a5dc28b.jpg\" alt=\"\"\/><\/figure>\n\n\n\n<p>AFP \/ VIVEK PRAKASH<em><strong>Peque\u00f1os de todas las edades acompa\u00f1ados de sus padres en las protestas prodemocracia en Hong Kong el 10 de agosto de 2019<\/strong><br><\/em><\/p>\n\n\n\n<p>\u00abLlegados a este punto debemos participar en todos los eventos, especialmente aquellos centrados en las futuras generaciones, no solo las manifestaciones y marchas\u00bb, consideraba Roger Cheng, empleado de oficina de 50 a\u00f1os tambi\u00e9n presente en la concentraci\u00f3n de familias.<\/p>\n\n\n\n<p>Horas antes, un grupo de personas mayores hab\u00edan organizado otra concentraci\u00f3n bautizada como \u00abCabellos plateados\u00bb para entregar peticiones al cuartel general de la polic\u00eda y a la oficina de la jefa del ejecutivo, Carrie Lam, con el objetivo de mostrar su apoyo a la contestaci\u00f3n.<\/p>\n\n\n\n<p>La concentraci\u00f3n de las familias hab\u00eda sido autorizada, a diferencia de otras previstas para el fin de semana. Los manifestantes pretenden intensificar la movilizaci\u00f3n con acciones como una sentada de tres d\u00edas en el aeropuerto internacional, que comenz\u00f3 el viernes y reuni\u00f3 a miles de personas. Su objetivo es sensibilizar con su causa a los visitantes extranjeros que llegan a Hong Kong.<\/p>\n\n\n\n<figure class=\"wp-block-image\"><img decoding=\"async\" src=\"https:\/\/www.afp.com\/sites\/default\/files\/nfs\/diff-intra\/espanol\/madrid\/portada\/8db2e69d27ef87be343edf4f6df3bee263c45e60.jpg\" alt=\"\"\/><\/figure>\n\n\n\n<p>AFP \/ VIVEK PRAKASH<em><strong>Sentada de manifestantes prodemocracia en el aeropuerto de Hong Kong el 10 de agosto de 2019<\/strong><\/em><\/p>\n\n\n\n<p>Nacida del rechazo a un proyecto de ley para autorizar las extradiciones a China continental, la movilizaci\u00f3n ha ampliado considerablemente sus demandas, con el gobierno central chino en su punto de mira.<\/p>\n\n\n\n<p>Los militantes prodemocracia exigen la retirada definitiva de la ley de extradiciones, as\u00ed como la dimisi\u00f3n de Carrie Lam y la designaci\u00f3n de un sucesor por sufragio universal, en lugar de los actuales nombramientos a dedo desde Pek\u00edn.<\/p>\n\n\n\n<p>&#8211; \u00abSin concesiones\u00bb &#8211;<\/p>\n\n\n\n<p>Hong Kong, \u00abhub\u00bb financiero internacional situado en el sur de China, est\u00e1 viviendo su mayor crisis pol\u00edtica desde su retrocesi\u00f3n por Londres a Pek\u00edn en 1997. Las manifestaciones casi diarias degeneran cada vez m\u00e1s en duros enfrentamientos entre grupos radicales y la polic\u00eda.<\/p>\n\n\n\n<figure class=\"wp-block-image\"><img decoding=\"async\" src=\"https:\/\/www.afp.com\/sites\/default\/files\/nfs\/diff-intra\/espanol\/madrid\/portada\/3f9bc62ebdda19d7029f8f64cdadefe8cc60e652.jpg\" alt=\"\"\/><\/figure>\n\n\n\n<p>AFP \/ VIVEK PRAKASH<em><strong>Decenas de manifestantes prodemocracia acudieron al aeropuerto de Hong Kong el 10 de agosto de 2019 para dar visibilidad a la protesta<\/strong><br><\/em><\/p>\n\n\n\n<p>La jefa del ejecutivo hongkon\u00e9s excluy\u00f3 el viernes hacer concesiones al movimiento, mientras alertaba contra sus graves consecuencias econ\u00f3micas.<\/p>\n\n\n\n<p>\u00abNo creo que tengamos que hacer concesiones para silenciar a los manifestantes violentos\u00bb, declar\u00f3 Carrie Lam en rueda de prensa.<\/p>\n\n\n\n<p>\u00abLo que es bueno para Hong Kong (&#8230;) es poner fin a la violencia (&#8230;) para que podemos avanzar\u00bb, a\u00f1adi\u00f3 la responsable, que ha recibido el apoyo total del gobierno chino desde el inicio de la crisis. Por su parte, Pek\u00edn ha endurecido el tono esta semana, intensificando las amenazas contra los manifestantes.<\/p>\n\n\n\n<p><strong>AFP<\/strong><\/p>\n\n\n\n<p><\/p>\n","protected":false},"excerpt":{"rendered":"<p>Los activistas prodemocracia de Hong Kong manten\u00edan la presi\u00f3n el s\u00e1bado con manifestaciones y sentadas en el aeropuerto internacional, a lo que se a\u00f1adi\u00f3 una concentraci\u00f3n de centenares de familias en apoyo al movimiento que entra en su tercer mes. Con ni\u00f1os de todas las edades, en carritos o a pie, portando balones, cientos de [&hellip;]<\/p>\n","protected":false},"author":2,"featured_media":140385,"comment_status":"closed","ping_status":"closed","sticky":false,"template":"","format":"standard","meta":{"footnotes":""},"categories":[8],"tags":[],"class_list":{"0":"post-140384","1":"post","2":"type-post","3":"status-publish","4":"format-standard","5":"has-post-thumbnail","7":"category-internacionales"},"_links":{"self":[{"href":"https:\/\/elluchador.info\/index.php?rest_route=\/wp\/v2\/posts\/140384","targetHints":{"allow":["GET"]}}],"collection":[{"href":"https:\/\/elluchador.info\/index.php?rest_route=\/wp\/v2\/posts"}],"about":[{"href":"https:\/\/elluchador.info\/index.php?rest_route=\/wp\/v2\/types\/post"}],"author":[{"embeddable":true,"href":"https:\/\/elluchador.info\/index.php?rest_route=\/wp\/v2\/users\/2"}],"replies":[{"embeddable":true,"href":"https:\/\/elluchador.info\/index.php?rest_route=%2Fwp%2Fv2%2Fcomments&post=140384"}],"version-history":[{"count":1,"href":"https:\/\/elluchador.info\/index.php?rest_route=\/wp\/v2\/posts\/140384\/revisions"}],"predecessor-version":[{"id":140386,"href":"https:\/\/elluchador.info\/index.php?rest_route=\/wp\/v2\/posts\/140384\/revisions\/140386"}],"wp:featuredmedia":[{"embeddable":true,"href":"https:\/\/elluchador.info\/index.php?rest_route=\/wp\/v2\/media\/140385"}],"wp:attachment":[{"href":"https:\/\/elluchador.info\/index.php?rest_route=%2Fwp%2Fv2%2Fmedia&parent=140384"}],"wp:term":[{"taxonomy":"category","embeddable":true,"href":"https:\/\/elluchador.info\/index.php?rest_route=%2Fwp%2Fv2%2Fcategories&post=140384"},{"taxonomy":"post_tag","embeddable":true,"href":"https:\/\/elluchador.info\/index.php?rest_route=%2Fwp%2Fv2%2Ftags&post=140384"}],"curies":[{"name":"wp","href":"https:\/\/api.w.org\/{rel}","templated":true}]}}