{"id":140389,"date":"2019-08-10T10:33:35","date_gmt":"2019-08-10T14:33:35","guid":{"rendered":"https:\/\/elluchador.info\/web\/?p=140389"},"modified":"2019-08-10T10:33:41","modified_gmt":"2019-08-10T14:33:41","slug":"ordenan-prision-preventiva-contra-el-expresidente-de-ecuador-rafael-correa-por-un-caso-de-sobornos","status":"publish","type":"post","link":"https:\/\/elluchador.info\/?p=140389","title":{"rendered":"Ordenan prisi\u00f3n preventiva contra el expresidente de Ecuador Rafael Correa por un caso de sobornos"},"content":{"rendered":"\n<p>Una jueza orden\u00f3 este jueves prisi\u00f3n preventiva para el expresidente de Ecuador Rafael Correa por su presunta implicaci\u00f3n en un caso de sobornos para la adjudicaci\u00f3n de contratos con el Estado.<\/p>\n\n\n\n<p>Correa y otra veintena de miembros de su partido son investigados en el marco del caso \u00abSobornos 2012-2016\u00bb (antes \u00abArroz verde\u00bb),&nbsp;<strong>una supuesta trama de corrupci\u00f3n con presunta financiaci\u00f3n<\/strong><strong>&nbsp;irregular&nbsp;<\/strong>del movimiento pol\u00edtico Alianza Pa\u00eds (AP) que lider\u00f3 el exmandatario hasta 2017, y que involucraba a empresas nacionales e internacionales como la brasile\u00f1a Odebrecht.<\/p>\n\n\n\n<p>La jueza Daniella Camacho ratific\u00f3 as\u00ed la solicitud de prisi\u00f3n preventiva contra Correa que un d\u00eda antes hab\u00eda hecho la Fiscal\u00eda General del Estado y teniendo en cuenta, dijo, que la prisi\u00f3n ser\u00e1 \u00ablegal, constitucional y convencional\u00bb y por tanto \u00abno arbitraria\u00bb.<\/p>\n\n\n\n<p>La Fiscal\u00eda acus\u00f3 a Correa de liderar una \u00abred ilegal\u00bb para captar fondos de empresas contratistas del Estado para algunas campa\u00f1as electorales de AP&nbsp;<strong>para luego<\/strong><strong>adjudicarles contratos de obras de infraestructura.<\/strong><\/p>\n\n\n\n<p>Del mismo modo, pidi\u00f3 tambi\u00e9n prisi\u00f3n preventiva para otros cuatro altos excolaboradores del gobierno de Correa (2007-2017), incluido su exvicepresidente Jorge Glas, quien se encuentra en prisi\u00f3n desde hace casi dos a\u00f1os por asociaci\u00f3n il\u00edcita en otro caso de la trama Odebrecht.<\/p>\n\n\n\n<p>La investigaci\u00f3n incluye delitos de tr\u00e1fico de influencias, asociaci\u00f3n il\u00edcita y cohecho sobre unos 22 exfuncionarios y empresarios.<\/p>\n\n\n\n<p> La investigaci\u00f3n incluye delitos de tr\u00e1fico de influencias, asociaci\u00f3n il\u00edcita y cohecho sobre unos 22 exfuncionarios y empresarios. <\/p>\n\n\n\n<h2 class=\"wp-block-heading\">Se niega a regresar a Ecuador<\/h2>\n\n\n\n<p>En el caso del expresidente, Camacho consider\u00f3 que la prisi\u00f3n preventiva es procedente&nbsp;<strong>ante la imposibilidad de dictar otras medidas que garanticen su comparecencia ante la&nbsp;<\/strong><strong>J<\/strong><strong>usticia,&nbsp;<\/strong>dado que reside en B\u00e9lgica desde que dej\u00f3 el poder en mayo de 2017.<\/p>\n\n\n\n<p>Por ello, la jueza pidi\u00f3 que se notifique a la Interpol para que procedan a la detenci\u00f3n de Correa y otros exfuncionarios que se encuentran fuera de Ecuador.<\/p>\n\n\n\n<p>Igualmente, record\u00f3 que Correa tiene en su contra una orden de captura por violaci\u00f3n de medidas cautelares en el caso de intento de secuestro en 2012 del pol\u00edtico opositor Fernando Balda, en Colombia.<\/p>\n\n\n\n<p>Por este caso, de hecho, la Justicia ecuatoriana ya orden\u00f3 prisi\u00f3n preventiva el a\u00f1o pasado contra el expresidente.<\/p>\n\n\n\n<p>Correa, que tiene m\u00e1s de una docena de expedientes abiertos en su pa\u00eds,<strong>&nbsp;se niega a regresar porque considera que es v\u00edctima de una persecuci\u00f3n pol\u00edtica&nbsp;<\/strong>por parte de su sucesor, Len\u00edn Moreno.<\/p>\n\n\n\n<p>A otros 17 presuntos implicados en este caso, la Fiscal\u00eda solicit\u00f3 la prohibici\u00f3n de salida del pa\u00eds, la congelaci\u00f3n de cuentas bancarias y la prohibici\u00f3n de enajenar bienes, entre otras medidas.<\/p>\n\n\n\n<p><strong>BBC.com<\/strong><\/p>\n\n\n\n<p><\/p>\n","protected":false},"excerpt":{"rendered":"<p>Una jueza orden\u00f3 este jueves prisi\u00f3n preventiva para el expresidente de Ecuador Rafael Correa por su presunta implicaci\u00f3n en un caso de sobornos para la adjudicaci\u00f3n de contratos con el Estado. Correa y otra veintena de miembros de su partido son investigados en el marco del caso \u00abSobornos 2012-2016\u00bb (antes \u00abArroz verde\u00bb),&nbsp;una supuesta trama de [&hellip;]<\/p>\n","protected":false},"author":2,"featured_media":140390,"comment_status":"closed","ping_status":"closed","sticky":false,"template":"","format":"standard","meta":{"footnotes":""},"categories":[8],"tags":[],"class_list":{"0":"post-140389","1":"post","2":"type-post","3":"status-publish","4":"format-standard","5":"has-post-thumbnail","7":"category-internacionales"},"_links":{"self":[{"href":"https:\/\/elluchador.info\/index.php?rest_route=\/wp\/v2\/posts\/140389","targetHints":{"allow":["GET"]}}],"collection":[{"href":"https:\/\/elluchador.info\/index.php?rest_route=\/wp\/v2\/posts"}],"about":[{"href":"https:\/\/elluchador.info\/index.php?rest_route=\/wp\/v2\/types\/post"}],"author":[{"embeddable":true,"href":"https:\/\/elluchador.info\/index.php?rest_route=\/wp\/v2\/users\/2"}],"replies":[{"embeddable":true,"href":"https:\/\/elluchador.info\/index.php?rest_route=%2Fwp%2Fv2%2Fcomments&post=140389"}],"version-history":[{"count":1,"href":"https:\/\/elluchador.info\/index.php?rest_route=\/wp\/v2\/posts\/140389\/revisions"}],"predecessor-version":[{"id":140391,"href":"https:\/\/elluchador.info\/index.php?rest_route=\/wp\/v2\/posts\/140389\/revisions\/140391"}],"wp:featuredmedia":[{"embeddable":true,"href":"https:\/\/elluchador.info\/index.php?rest_route=\/wp\/v2\/media\/140390"}],"wp:attachment":[{"href":"https:\/\/elluchador.info\/index.php?rest_route=%2Fwp%2Fv2%2Fmedia&parent=140389"}],"wp:term":[{"taxonomy":"category","embeddable":true,"href":"https:\/\/elluchador.info\/index.php?rest_route=%2Fwp%2Fv2%2Fcategories&post=140389"},{"taxonomy":"post_tag","embeddable":true,"href":"https:\/\/elluchador.info\/index.php?rest_route=%2Fwp%2Fv2%2Ftags&post=140389"}],"curies":[{"name":"wp","href":"https:\/\/api.w.org\/{rel}","templated":true}]}}