{"id":140536,"date":"2019-08-10T15:13:46","date_gmt":"2019-08-10T19:13:46","guid":{"rendered":"https:\/\/elluchador.info\/web\/?p=140536"},"modified":"2019-08-10T15:13:50","modified_gmt":"2019-08-10T19:13:50","slug":"delcy-rodriguez-bloqueo-de-donald-trump-busca-impedir-el-derecho-de-los-venezolanos-a-la-libertad","status":"publish","type":"post","link":"https:\/\/elluchador.info\/?p=140536","title":{"rendered":"Delcy Rodr\u00edguez: bloqueo de Donald Trump busca impedir el derecho de los venezolanos a la libertad"},"content":{"rendered":"\n<p>La vicepresidenta de la Republica, Delcy Rodr\u00edguez, afirm\u00f3 que el bloqueo y las&nbsp;<strong>acciones econ\u00f3micas impuestas por el gobierno de Estados Unidos (EE UU) presidido por Donald Trump, \u00abpretende privar al pueblo venezolano su derecho a la libertad\u00bb.<\/strong><\/p>\n\n\n\n<p>As\u00f3 lo declar\u00f3, Rodr\u00edguez, a VTV durante la manifestaci\u00f3n realizada por los venezolano en rechazo a las acciones de EE UU contra el pa\u00eds, las cuales tambi\u00e9n calific\u00f3 como un \u00bb bloqueo criminal\u00bb, dijo al tiempo que asegur\u00f3 que con estas medidas tambi\u00e9n afectar\u00e1 a \u00abel pueblo oposito se va a haber afectado, todo el pueblo venezolano\u00bb.<\/p>\n\n\n\n<p>Rodr\u00edguez tambi\u00e9n se refiri\u00f3 a la recolecci\u00f3n de firmas iniciada este s\u00e1bado en rechazo de dicha orden de EE UU&nbsp;<strong>\u201c llevaremos millines de firmas al secretario general de la Naciones Unidas Antonio Guterres (\u2026) para impedir m\u00e1s agresiones como se esta agrediendo a Venezuela\u00bb,<\/strong>&nbsp;expres\u00f3 al tiempo que ratific\u00f3 que \u00bb la ONU (Organizaci\u00f3n de Naciones Unidas tiene un rol fundamental \u00bb en la soluci\u00f3n de la situaci\u00f3n del pa\u00eds.<\/p>\n\n\n\n<p>M\u00e1s temprano la vicepresidente expres\u00f3 que \u00abdesde Venezuela, tierra de Libertadores, convocamos a la protesta mundial contra el supremacismo, racismo y fascismo que encabeza el Gobierno de EE.UU y @realDonaldTrump contra la paz y tranquilidad mundial! Venezuela jam\u00e1s se rendir\u00e1 y daremos esta batalla hist\u00f3rica por la humanidad\u00bb. N24<\/p>\n","protected":false},"excerpt":{"rendered":"<p>La vicepresidenta de la Republica, Delcy Rodr\u00edguez, afirm\u00f3 que el bloqueo y las&nbsp;acciones econ\u00f3micas impuestas por el gobierno de Estados Unidos (EE UU) presidido por Donald Trump, \u00abpretende privar al pueblo venezolano su derecho a la libertad\u00bb. As\u00f3 lo declar\u00f3, Rodr\u00edguez, a VTV durante la manifestaci\u00f3n realizada por los venezolano en rechazo a las acciones [&hellip;]<\/p>\n","protected":false},"author":2,"featured_media":140545,"comment_status":"closed","ping_status":"closed","sticky":false,"template":"","format":"standard","meta":{"footnotes":""},"categories":[9],"tags":[],"class_list":{"0":"post-140536","1":"post","2":"type-post","3":"status-publish","4":"format-standard","5":"has-post-thumbnail","7":"category-nacionales"},"_links":{"self":[{"href":"https:\/\/elluchador.info\/index.php?rest_route=\/wp\/v2\/posts\/140536","targetHints":{"allow":["GET"]}}],"collection":[{"href":"https:\/\/elluchador.info\/index.php?rest_route=\/wp\/v2\/posts"}],"about":[{"href":"https:\/\/elluchador.info\/index.php?rest_route=\/wp\/v2\/types\/post"}],"author":[{"embeddable":true,"href":"https:\/\/elluchador.info\/index.php?rest_route=\/wp\/v2\/users\/2"}],"replies":[{"embeddable":true,"href":"https:\/\/elluchador.info\/index.php?rest_route=%2Fwp%2Fv2%2Fcomments&post=140536"}],"version-history":[{"count":1,"href":"https:\/\/elluchador.info\/index.php?rest_route=\/wp\/v2\/posts\/140536\/revisions"}],"predecessor-version":[{"id":140546,"href":"https:\/\/elluchador.info\/index.php?rest_route=\/wp\/v2\/posts\/140536\/revisions\/140546"}],"wp:featuredmedia":[{"embeddable":true,"href":"https:\/\/elluchador.info\/index.php?rest_route=\/wp\/v2\/media\/140545"}],"wp:attachment":[{"href":"https:\/\/elluchador.info\/index.php?rest_route=%2Fwp%2Fv2%2Fmedia&parent=140536"}],"wp:term":[{"taxonomy":"category","embeddable":true,"href":"https:\/\/elluchador.info\/index.php?rest_route=%2Fwp%2Fv2%2Fcategories&post=140536"},{"taxonomy":"post_tag","embeddable":true,"href":"https:\/\/elluchador.info\/index.php?rest_route=%2Fwp%2Fv2%2Ftags&post=140536"}],"curies":[{"name":"wp","href":"https:\/\/api.w.org\/{rel}","templated":true}]}}