{"id":140915,"date":"2019-08-13T08:57:42","date_gmt":"2019-08-13T12:57:42","guid":{"rendered":"https:\/\/elluchador.info\/web\/?p=140915"},"modified":"2019-08-12T16:20:18","modified_gmt":"2019-08-12T20:20:18","slug":"psuv-bolivar-respalda-acciones-de-nicolas-maduro-para-enfrentar-bloqueo-economico","status":"publish","type":"post","link":"https:\/\/elluchador.info\/?p=140915","title":{"rendered":"PSUV Bol\u00edvar respalda acciones de Nicol\u00e1s Maduro para enfrentar bloqueo econ\u00f3mico"},"content":{"rendered":"\n<p>Continuando con la jornada de protesta que se realiza a lo largo y ancho del estado Bol\u00edvar\u00a0contra el bloqueo que pretender imponer el Gobierno de Donald Trump, a la patria grande de Bol\u00edvar, el equipo regional y municipal de las fuerzas revolucionarias en la entidad fijan nuevas estrategias dirigidas a proteger y apoyar las acciones tomadas por el presidente constitucional Nicol\u00e1s Maduro para hacerle frente al embargo econ\u00f3mico impuesto por la administraci\u00f3n de los Estados Unidos.<\/p>\n\n\n\n<p>La asamblea realizada entre el equipo pol\u00edtico regional y\nmunicipal del Partido Socialista Unido de Venezuela (PSUV), tuvo como objetivo\ndenunciar ante la comunidad nacional e internacional las medidas coercitivas y\nunilaterales por parte del Gobierno de Estados Unidos contra Venezuela, que\nesta semana tuvo una nueva escalada con la firma de una nueva orden ejecutiva\npara formalizar el bloqueo financiero, econ\u00f3mico y comercial contra la naci\u00f3n\nm\u00e1s noble del mundo.<\/p>\n\n\n\n<p>Esta jornada fue convocada por el Vicepresidente Territorial\ndel PSUV para el estado Bol\u00edvar, Justo Noguera Pietri, de la mano del\ncoordinador municipal de la tolda roja en Ciudad Bol\u00edvar, Sergio Hern\u00e1ndez, el\nGran Polo Patri\u00f3tico (GPP), el equipo pol\u00edtico regional, municipal, a la que se\nsum\u00f3 los pueblos ind\u00edgenas y los l\u00edderes comunales de las nueve parroquias del\nmunicipio Heres, para hacer visible ante los pueblos del mundo las agresiones\nhacia el pueblo venezolano, por parte del Gobierno de EEUU, encabezado por\nDonald Trump.<\/p>\n\n\n\n<p>Sergio Hern\u00e1ndez, tambi\u00e9n alcalde del municipio Heres,\ndestac\u00f3 que a este despliegue se deben sumar todas las organizaciones que\napuestan a la paz y a la defensa de la independencia venezolana.<\/p>\n\n\n\n<p>Detall\u00f3 que Venezuela est\u00e1 dando un mensaje al mundo, al\ntiempo que se\u00f1al\u00f3 que es el momento propicio para asumir el pensamiento\nlibertario de Bol\u00edvar y alzar la voz que nos dio el comandante eterno Hugo\nCh\u00e1vez, \u00abporque no necesitamos a ning\u00fan imperio que venga a decidir el destino\nde nuestra patria, por ello somos libres e independientes\u00bb, recalc\u00f3.<\/p>\n\n\n\n<p>El coordinador municipal del PSUV, destac\u00f3 que gracias al\ntrabajo incansable del Presidente Nicol\u00e1s Maduro, la revoluci\u00f3n sigue garantizando\nbienestar social al pueblo, \u201cdesde las organizaciones pol\u00edticas revolucionarias\nque hacen vida en estados Bol\u00edvar, respaldamos de manera irrestricta las nuevas\nacciones que el Ejecutivo nacional viene preparando para vencer el bloqueo econ\u00f3mico de\nEstados Unidos\u201d.<\/p>\n\n\n\n<p>Por su parte, Edgar\nDelgado Merentes, secretario de Gobierno de la Gobernaci\u00f3n de Bol\u00edvar, exhort\u00f3 a la administraci\u00f3n de Donald\nTrump, a la anulaci\u00f3n de la orden ejecutiva con el que se congelan todos los\nbienes de la Rep\u00fablica Bolivariana de Venezuela que se encuentren en la naci\u00f3n\nnorteamericana.<\/p>\n\n\n\n<p>\u00abLes recordamos a Trump y a su Gobierno que no son los tiranos del mundo ni estupradores divinos de soberan\u00edas, y no est\u00e1n al margen de la Carta de las Naciones Unidas ni de la Corte Internacional de Justicia y no tienen derecho a perseguir a ning\u00fan pa\u00eds, tal como lo hacen contra Venezuela\u00bb, sentenci\u00f3 Merentes.<\/p>\n\n\n\n<p><strong>Prensa PSUV-Heres\/JJR<\/strong><\/p>\n","protected":false},"excerpt":{"rendered":"<p>Continuando con la jornada de protesta que se realiza a lo largo y ancho del estado Bol\u00edvar\u00a0contra el bloqueo que pretender imponer el Gobierno de Donald Trump, a la patria grande de Bol\u00edvar, el equipo regional y municipal de las fuerzas revolucionarias en la entidad fijan nuevas estrategias dirigidas a proteger y apoyar las acciones [&hellip;]<\/p>\n","protected":false},"author":2,"featured_media":140916,"comment_status":"closed","ping_status":"closed","sticky":false,"template":"","format":"standard","meta":{"footnotes":""},"categories":[11],"tags":[],"class_list":{"0":"post-140915","1":"post","2":"type-post","3":"status-publish","4":"format-standard","5":"has-post-thumbnail","7":"category-politica"},"_links":{"self":[{"href":"https:\/\/elluchador.info\/index.php?rest_route=\/wp\/v2\/posts\/140915","targetHints":{"allow":["GET"]}}],"collection":[{"href":"https:\/\/elluchador.info\/index.php?rest_route=\/wp\/v2\/posts"}],"about":[{"href":"https:\/\/elluchador.info\/index.php?rest_route=\/wp\/v2\/types\/post"}],"author":[{"embeddable":true,"href":"https:\/\/elluchador.info\/index.php?rest_route=\/wp\/v2\/users\/2"}],"replies":[{"embeddable":true,"href":"https:\/\/elluchador.info\/index.php?rest_route=%2Fwp%2Fv2%2Fcomments&post=140915"}],"version-history":[{"count":1,"href":"https:\/\/elluchador.info\/index.php?rest_route=\/wp\/v2\/posts\/140915\/revisions"}],"predecessor-version":[{"id":140917,"href":"https:\/\/elluchador.info\/index.php?rest_route=\/wp\/v2\/posts\/140915\/revisions\/140917"}],"wp:featuredmedia":[{"embeddable":true,"href":"https:\/\/elluchador.info\/index.php?rest_route=\/wp\/v2\/media\/140916"}],"wp:attachment":[{"href":"https:\/\/elluchador.info\/index.php?rest_route=%2Fwp%2Fv2%2Fmedia&parent=140915"}],"wp:term":[{"taxonomy":"category","embeddable":true,"href":"https:\/\/elluchador.info\/index.php?rest_route=%2Fwp%2Fv2%2Fcategories&post=140915"},{"taxonomy":"post_tag","embeddable":true,"href":"https:\/\/elluchador.info\/index.php?rest_route=%2Fwp%2Fv2%2Ftags&post=140915"}],"curies":[{"name":"wp","href":"https:\/\/api.w.org\/{rel}","templated":true}]}}