{"id":141273,"date":"2019-08-17T10:33:39","date_gmt":"2019-08-17T14:33:39","guid":{"rendered":"https:\/\/elluchador.info\/web\/?p=141273"},"modified":"2019-08-17T10:33:42","modified_gmt":"2019-08-17T14:33:42","slug":"amplia-programacion-musical-para-fin-de-semana-en-la-feria-del-orinoco","status":"publish","type":"post","link":"https:\/\/elluchador.info\/?p=141273","title":{"rendered":"Amplia programaci\u00f3n musical para fin de semana en la Feria del Orinoco"},"content":{"rendered":"\n<p>La\nAlcald\u00eda del municipio Heres y la Fundaci\u00f3n de Ferias del Orinoco deleitaron al\npueblo bolivarense con m\u00e1s de veinte (20) agrupaciones danc\u00edsticas, de la\nentidad, en honor al maestro Alirio, citadinos y turistas disfrutaron la majestuosidad\ny derroche de talentos.<\/p>\n\n\n\n<p>Bajo\nla lluvia se dio inicio a la gran gala danc\u00edstica, con un opening del\nMovimiento integral de danzas del municipio Heres, desde la gran tarima en el Mirador\nAngostura, con la participaci\u00f3n de las comunidades y de todas las\nmanifestaciones culturales del municipio, comenz\u00f3 la demostraci\u00f3n y derroche de\nmagia, tradiciones e identidad como ciudad, as\u00ed lo expres\u00f3 la presidenta de\nFundaOrinoco, Marisol Garc\u00eda.<\/p>\n\n\n\n<p>Con\nel objetivo de seguir consolidando los valores culturales como ciudad capital,\nlo nuestro se presenta cada noche en la vers\u00e1til y esplendida Feria del\nOrinoco, engalanada por ni\u00f1as, ni\u00f1os, adolescentes, j\u00f3venes en su mayor\u00eda,\njunto a hombres y mujeres, dejaron el coraz\u00f3n en el escenario al danzar y\nbailar, adem\u00e1s de quienes a la danza le agregaron la magia del canto, como\nforma de expresi\u00f3n art\u00edstico-cultural.<\/p>\n\n\n\n<p>Durante\nel d\u00eda las ni\u00f1as, ni\u00f1os y adolescentes, pueden disfrutar del tren de la alegr\u00eda\nsin costo alguno de un divertido paseo con recreadores de la direcci\u00f3n de\ncultura, turismo y educaci\u00f3n municipal, con un gran despliegue en el corredor\ndeportivo; futbol, voleibol, basquetbol, ajedrez, adem\u00e1s de las demostraciones\nde gimnasia r\u00edtmica, Karate, patines y otras disciplinas.<\/p>\n\n\n\n<p>Hoy\nes noche de retro, DJ, a partir de la 07:00 de la noche, adem\u00e1s la programaci\u00f3n\nde la V Edici\u00f3n de la Feria del Orinoco, incluye noche salsera, noche llanera,\nnoche de bolero, noche cristiana, noche de kareoke y muchas actividades m\u00e1s que\nsolo descubrir\u00e1s acerc\u00e1ndote a disfrutar de la Feria del Orinoco, este domingo\nser\u00e1 fabulosa con el Festival criollo de Talentos Brillantes.<\/p>\n\n\n\n<p>Al ritmo del Calipso cerrar\u00e1 esta 5ta. Edici\u00f3n de la Feria, con la presentaci\u00f3n de la Ola del Calipso, Cultura Graun, Palo y Cuero, Siboney Calipso y The Same People, te esperamos junto a tu familiares y amigos a disfrutar de la mejor feria del pa\u00eds, en Ciudad Bol\u00edvar, frente a la majestuosidad del r\u00edo Orinoco. <strong>(Prensa Alcald\u00eda de Heres\/CNP24375).-<\/strong> <\/p>\n\n\n\n<figure class=\"wp-block-image\"><img loading=\"lazy\" decoding=\"async\" width=\"680\" height=\"510\" src=\"https:\/\/elluchador.info\/web\/wp-content\/uploads\/2019\/08\/F1-GALA-DANC\u00cdSTICA.jpg\" alt=\"\" class=\"wp-image-141274\" srcset=\"https:\/\/elluchador.info\/wp-content\/uploads\/2019\/08\/F1-GALA-DANC\u00cdSTICA.jpg 680w, https:\/\/elluchador.info\/wp-content\/uploads\/2019\/08\/F1-GALA-DANC\u00cdSTICA-300x225.jpg 300w\" sizes=\"auto, (max-width: 680px) 100vw, 680px\" \/><\/figure>\n\n\n\n<figure class=\"wp-block-image\"><img loading=\"lazy\" decoding=\"async\" width=\"360\" height=\"270\" src=\"https:\/\/elluchador.info\/web\/wp-content\/uploads\/2019\/08\/F2-GALA-DANC\u00cdSTICA.jpg\" alt=\"\" class=\"wp-image-141275\" srcset=\"https:\/\/elluchador.info\/wp-content\/uploads\/2019\/08\/F2-GALA-DANC\u00cdSTICA.jpg 360w, https:\/\/elluchador.info\/wp-content\/uploads\/2019\/08\/F2-GALA-DANC\u00cdSTICA-300x225.jpg 300w\" sizes=\"auto, (max-width: 360px) 100vw, 360px\" \/><\/figure>\n","protected":false},"excerpt":{"rendered":"<p>La Alcald\u00eda del municipio Heres y la Fundaci\u00f3n de Ferias del Orinoco deleitaron al pueblo bolivarense con m\u00e1s de veinte (20) agrupaciones danc\u00edsticas, de la entidad, en honor al maestro Alirio, citadinos y turistas disfrutaron la majestuosidad y derroche de talentos. Bajo la lluvia se dio inicio a la gran gala danc\u00edstica, con un opening [&hellip;]<\/p>\n","protected":false},"author":2,"featured_media":141274,"comment_status":"closed","ping_status":"closed","sticky":false,"template":"","format":"standard","meta":{"footnotes":""},"categories":[5,7],"tags":[],"class_list":{"0":"post-141273","1":"post","2":"type-post","3":"status-publish","4":"format-standard","5":"has-post-thumbnail","7":"category-destacado","8":"category-entretenimiento"},"_links":{"self":[{"href":"https:\/\/elluchador.info\/index.php?rest_route=\/wp\/v2\/posts\/141273","targetHints":{"allow":["GET"]}}],"collection":[{"href":"https:\/\/elluchador.info\/index.php?rest_route=\/wp\/v2\/posts"}],"about":[{"href":"https:\/\/elluchador.info\/index.php?rest_route=\/wp\/v2\/types\/post"}],"author":[{"embeddable":true,"href":"https:\/\/elluchador.info\/index.php?rest_route=\/wp\/v2\/users\/2"}],"replies":[{"embeddable":true,"href":"https:\/\/elluchador.info\/index.php?rest_route=%2Fwp%2Fv2%2Fcomments&post=141273"}],"version-history":[{"count":1,"href":"https:\/\/elluchador.info\/index.php?rest_route=\/wp\/v2\/posts\/141273\/revisions"}],"predecessor-version":[{"id":141276,"href":"https:\/\/elluchador.info\/index.php?rest_route=\/wp\/v2\/posts\/141273\/revisions\/141276"}],"wp:featuredmedia":[{"embeddable":true,"href":"https:\/\/elluchador.info\/index.php?rest_route=\/wp\/v2\/media\/141274"}],"wp:attachment":[{"href":"https:\/\/elluchador.info\/index.php?rest_route=%2Fwp%2Fv2%2Fmedia&parent=141273"}],"wp:term":[{"taxonomy":"category","embeddable":true,"href":"https:\/\/elluchador.info\/index.php?rest_route=%2Fwp%2Fv2%2Fcategories&post=141273"},{"taxonomy":"post_tag","embeddable":true,"href":"https:\/\/elluchador.info\/index.php?rest_route=%2Fwp%2Fv2%2Ftags&post=141273"}],"curies":[{"name":"wp","href":"https:\/\/api.w.org\/{rel}","templated":true}]}}