{"id":141396,"date":"2019-08-17T15:08:20","date_gmt":"2019-08-17T19:08:20","guid":{"rendered":"https:\/\/elluchador.info\/web\/?p=141396"},"modified":"2019-08-17T15:08:24","modified_gmt":"2019-08-17T19:08:24","slug":"hospitalizado-alberto-fujimori-por-problemas-cardiacos","status":"publish","type":"post","link":"https:\/\/elluchador.info\/?p=141396","title":{"rendered":"Hospitalizado Alberto Fujimori por problemas card\u00edacos"},"content":{"rendered":"\n<p>El expresidente de Per\u00fa, Alberto Fujimori, fue trasladado este viernes desde la prisi\u00f3n de Barbadillo hasta la cl\u00ednica&nbsp;Centenario Peruano Japonesa de Lima, por problemas card\u00edacos.<\/p>\n\n\n\n<p>El m\u00e9dico del exmandatario, Alejandro Aguinaga indic\u00f3 que el motivo del traslado fue que pudiera ser atendido por un cardi\u00f3logo y se le realizara un chequeo a profundidad.&nbsp;<\/p>\n\n\n\n<p>\u00abLa finalidad ha sido que se le haga una evaluaci\u00f3n a profundidad. Que pueda ser visto por el cardi\u00f3logo y que se le d\u00e9 tratamiento. El problema fue comunicado desde temprano\u00bb, se\u00f1al\u00f3 el doctor,\u00a0rese\u00f1a RT. (Tomado de Panorama)<\/p>\n","protected":false},"excerpt":{"rendered":"<p>El expresidente de Per\u00fa, Alberto Fujimori, fue trasladado este viernes desde la prisi\u00f3n de Barbadillo hasta la cl\u00ednica&nbsp;Centenario Peruano Japonesa de Lima, por problemas card\u00edacos. El m\u00e9dico del exmandatario, Alejandro Aguinaga indic\u00f3 que el motivo del traslado fue que pudiera ser atendido por un cardi\u00f3logo y se le realizara un chequeo a profundidad.&nbsp; \u00abLa finalidad [&hellip;]<\/p>\n","protected":false},"author":2,"featured_media":141397,"comment_status":"closed","ping_status":"closed","sticky":false,"template":"","format":"standard","meta":{"footnotes":""},"categories":[8],"tags":[],"class_list":{"0":"post-141396","1":"post","2":"type-post","3":"status-publish","4":"format-standard","5":"has-post-thumbnail","7":"category-internacionales"},"_links":{"self":[{"href":"https:\/\/elluchador.info\/index.php?rest_route=\/wp\/v2\/posts\/141396","targetHints":{"allow":["GET"]}}],"collection":[{"href":"https:\/\/elluchador.info\/index.php?rest_route=\/wp\/v2\/posts"}],"about":[{"href":"https:\/\/elluchador.info\/index.php?rest_route=\/wp\/v2\/types\/post"}],"author":[{"embeddable":true,"href":"https:\/\/elluchador.info\/index.php?rest_route=\/wp\/v2\/users\/2"}],"replies":[{"embeddable":true,"href":"https:\/\/elluchador.info\/index.php?rest_route=%2Fwp%2Fv2%2Fcomments&post=141396"}],"version-history":[{"count":1,"href":"https:\/\/elluchador.info\/index.php?rest_route=\/wp\/v2\/posts\/141396\/revisions"}],"predecessor-version":[{"id":141398,"href":"https:\/\/elluchador.info\/index.php?rest_route=\/wp\/v2\/posts\/141396\/revisions\/141398"}],"wp:featuredmedia":[{"embeddable":true,"href":"https:\/\/elluchador.info\/index.php?rest_route=\/wp\/v2\/media\/141397"}],"wp:attachment":[{"href":"https:\/\/elluchador.info\/index.php?rest_route=%2Fwp%2Fv2%2Fmedia&parent=141396"}],"wp:term":[{"taxonomy":"category","embeddable":true,"href":"https:\/\/elluchador.info\/index.php?rest_route=%2Fwp%2Fv2%2Fcategories&post=141396"},{"taxonomy":"post_tag","embeddable":true,"href":"https:\/\/elluchador.info\/index.php?rest_route=%2Fwp%2Fv2%2Ftags&post=141396"}],"curies":[{"name":"wp","href":"https:\/\/api.w.org\/{rel}","templated":true}]}}