{"id":141578,"date":"2019-08-18T15:40:04","date_gmt":"2019-08-18T19:40:04","guid":{"rendered":"https:\/\/elluchador.info\/web\/?p=141578"},"modified":"2019-08-18T14:53:27","modified_gmt":"2019-08-18T18:53:27","slug":"incendio-en-gran-canaria-arrasa-con-mas-de-1-000-hectareas","status":"publish","type":"post","link":"https:\/\/elluchador.info\/?p=141578","title":{"rendered":"Incendio en  Gran Canaria arrasa con m\u00e1s de 1.000 hect\u00e1reas"},"content":{"rendered":"\n<p>Un gran incendio forestal incontrolado, el tercero importante\nen una semana, ha quemado ya entre 1.500 y 1.700 hect\u00e1reas en el norte de la\nisla atl\u00e1ntica espa\u00f1ola de Gran Canaria y ha obligado a evacuar unas 4.000\npersonas de cuarenta n\u00facleos de poblaci\u00f3n.<\/p>\n\n\n\n<p>El fuego, \u00abmuy virulento\u00bb, ha causado ya \u00abun desastre\u00bb\nmedioambiental y avanza hacia el pinar de Tamadaba, un bosque aut\u00f3ctono\ndeclarado Reserva de la Biosfera, seg\u00fan advirti\u00f3 este domingo el presidente\nregional de las islas Canarias, \u00c1ngel V\u00edctor Torres.<\/p>\n\n\n\n<p>\u00abEs una situaci\u00f3n tremendamente complicada\u00bb, subray\u00f3, pues\nel fuego \u00abno est\u00e1 contenido, ni mucho menos estabilizado ni controlado\u00bb.<\/p>\n\n\n\n<p>Este nuevo incendio, que comenz\u00f3 el s\u00e1bado, se une a otros\ndos anteriores a\u00fan no extinguidos totalmente, aunque controlados, en la\ntur\u00edstica isla de Gran Canaria.<\/p>\n\n\n\n<p>El mayor de ellos calcin\u00f3 cerca de 1.200 hect\u00e1reas de masa\nforestal en la zona m\u00e1s elevada de la isla y oblig\u00f3 a desalojar a un millar de\npersonas de varias localidades. El otro, en el noreste insular, quem\u00f3 160\nhect\u00e1reas de matorral.<\/p>\n\n\n\n<p>Entre 600 y 700 efectivos, incluido personal del Ej\u00e9rcito de\nTierra, trabajan este domingo en la extinci\u00f3n del nuevo incendio, as\u00ed como diez\naeronaves entre helic\u00f3pteros e hidroaviones, mientras once carreteras\npermanecen cerradas.<\/p>\n\n\n\n<p>Las condiciones atmosf\u00e9ricas favorecen la propagaci\u00f3n del\nfuego por barrancos muy estrechos de una zona elevada y dificultan la\nextinci\u00f3n: temperaturas altas, vientos cambiantes de unos 50 kil\u00f3metros. &nbsp;(Tomado de N24)<\/p>\n","protected":false},"excerpt":{"rendered":"<p>Un gran incendio forestal incontrolado, el tercero importante en una semana, ha quemado ya entre 1.500 y 1.700 hect\u00e1reas en el norte de la isla atl\u00e1ntica espa\u00f1ola de Gran Canaria y ha obligado a evacuar unas 4.000 personas de cuarenta n\u00facleos de poblaci\u00f3n. El fuego, \u00abmuy virulento\u00bb, ha causado ya \u00abun desastre\u00bb medioambiental y avanza [&hellip;]<\/p>\n","protected":false},"author":2,"featured_media":141579,"comment_status":"closed","ping_status":"closed","sticky":false,"template":"","format":"standard","meta":{"footnotes":""},"categories":[8],"tags":[],"class_list":{"0":"post-141578","1":"post","2":"type-post","3":"status-publish","4":"format-standard","5":"has-post-thumbnail","7":"category-internacionales"},"_links":{"self":[{"href":"https:\/\/elluchador.info\/index.php?rest_route=\/wp\/v2\/posts\/141578","targetHints":{"allow":["GET"]}}],"collection":[{"href":"https:\/\/elluchador.info\/index.php?rest_route=\/wp\/v2\/posts"}],"about":[{"href":"https:\/\/elluchador.info\/index.php?rest_route=\/wp\/v2\/types\/post"}],"author":[{"embeddable":true,"href":"https:\/\/elluchador.info\/index.php?rest_route=\/wp\/v2\/users\/2"}],"replies":[{"embeddable":true,"href":"https:\/\/elluchador.info\/index.php?rest_route=%2Fwp%2Fv2%2Fcomments&post=141578"}],"version-history":[{"count":1,"href":"https:\/\/elluchador.info\/index.php?rest_route=\/wp\/v2\/posts\/141578\/revisions"}],"predecessor-version":[{"id":141580,"href":"https:\/\/elluchador.info\/index.php?rest_route=\/wp\/v2\/posts\/141578\/revisions\/141580"}],"wp:featuredmedia":[{"embeddable":true,"href":"https:\/\/elluchador.info\/index.php?rest_route=\/wp\/v2\/media\/141579"}],"wp:attachment":[{"href":"https:\/\/elluchador.info\/index.php?rest_route=%2Fwp%2Fv2%2Fmedia&parent=141578"}],"wp:term":[{"taxonomy":"category","embeddable":true,"href":"https:\/\/elluchador.info\/index.php?rest_route=%2Fwp%2Fv2%2Fcategories&post=141578"},{"taxonomy":"post_tag","embeddable":true,"href":"https:\/\/elluchador.info\/index.php?rest_route=%2Fwp%2Fv2%2Ftags&post=141578"}],"curies":[{"name":"wp","href":"https:\/\/api.w.org\/{rel}","templated":true}]}}