{"id":141606,"date":"2019-08-20T10:25:54","date_gmt":"2019-08-20T14:25:54","guid":{"rendered":"https:\/\/elluchador.info\/web\/?p=141606"},"modified":"2019-08-20T10:27:34","modified_gmt":"2019-08-20T14:27:34","slug":"gestion-sergio-hernandez-garantiza-un-servicio-de-aseo-urbano-con-sello-de-calidad","status":"publish","type":"post","link":"https:\/\/elluchador.info\/?p=141606","title":{"rendered":"Gesti\u00f3n Sergio Hern\u00e1ndez garantiza un servicio de aseo urbano con sello de calidad"},"content":{"rendered":"\n<p>La gesti\u00f3n del alcalde de la ciudad Sergio Hern\u00e1ndez, a trav\u00e9s de la\nComisi\u00f3n Permanente de Servicios P\u00fablicos, Salud, Asuntos Ambientales y\nMercados Municipales integrada por los concejales presidente \u00c1ngel Flores,\n&nbsp;Gilberto Montes, vicepresidente, Alexis del Nogal, Leydimar Sifontes,\nAlexander Jim\u00e9nez y Miguel Casanova, visitaron e inspeccionaron las\ninstalaciones de la Direcci\u00f3n de Servicios Generales para constatar la\noperatividad de las siete compactadoras para prestar el servicio de aseo urbano\nen el municipio.<\/p>\n\n\n\n<p>\u201cHemos podido comprobar que hay en existencia de compactadoras en\n\u00f3ptimas condiciones; tenemos una compactadora por cada parroquia, adem\u00e1s de las\ntres que tenemos en la parroquia Catedral, tienen un mantenimiento diario para\ntenerlas cien por ciento operativas, adem\u00e1s contamos con un personal de altura\ncapaces de cumplir expectativas y exigencias para operar estos equipos que\ncuentan con todos los est\u00e1ndares de seguridad y calidad\u201d, indic\u00f3 \u00c1ngel Flores,\npresidente de la Comisi\u00f3n de Servicios P\u00fablicos.<\/p>\n\n\n\n<p>En esta visita tambi\u00e9n estuvo presente el Presidente del Concejo\nMunicipal de Heres, Armando Barreto, &nbsp;en compa\u00f1\u00eda de la vicepresidenta\nDulce Guarnizo, quienes fueron participes en esta fiscalizaci\u00f3n donde se pudo\nnotar que el municipio tiene equipo de alta envergadura para su limpieza y\nsaneamiento urbano.<\/p>\n\n\n\n<p>\u201cEsto es la prueba del gran trabajo que se ha venido haciendo desde la\ngesti\u00f3n del alcalde de la ciudad Sergio Hern\u00e1ndez, para quien es\nprioridad&nbsp; la salud, seguridad e integridad de todos los ciudadanos y aqu\u00ed\npodemos observar que hay adem\u00e1s un talento humano capacitado para esta ardua\ntarea\u201d, indic\u00f3 Barreto.<\/p>\n\n\n\n<p>Por su parte, la Comisi\u00f3n Permanente designada como contralor social\ninformaron que se est\u00e1 haciendo la recolecci\u00f3n de aseo urbano por parroquia en\nlos horarios establecidos que son desde las 7:00 am a 6:00pm, adem\u00e1s se dispone\nde una recolectora para lo que son los desechos y el servicio ambiental en la\nFeria del Orinoco, asimismo indicaron que esto corresponde al compromiso social\nadquirido por la revoluci\u00f3n en funci\u00f3n al beneficio de todos. <strong>Prensa\nAlcald\u00eda Heres\/EA<\/strong><\/p>\n","protected":false},"excerpt":{"rendered":"<p>La gesti\u00f3n del alcalde de la ciudad Sergio Hern\u00e1ndez, a trav\u00e9s de la Comisi\u00f3n Permanente de Servicios P\u00fablicos, Salud, Asuntos Ambientales y Mercados Municipales integrada por los concejales presidente \u00c1ngel Flores, &nbsp;Gilberto Montes, vicepresidente, Alexis del Nogal, Leydimar Sifontes, Alexander Jim\u00e9nez y Miguel Casanova, visitaron e inspeccionaron las instalaciones de la Direcci\u00f3n de Servicios Generales [&hellip;]<\/p>\n","protected":false},"author":2,"featured_media":141607,"comment_status":"closed","ping_status":"closed","sticky":false,"template":"","format":"standard","meta":{"footnotes":""},"categories":[20,12],"tags":[],"class_list":{"0":"post-141606","1":"post","2":"type-post","3":"status-publish","4":"format-standard","5":"has-post-thumbnail","7":"category-municipal","8":"category-regionales"},"_links":{"self":[{"href":"https:\/\/elluchador.info\/index.php?rest_route=\/wp\/v2\/posts\/141606","targetHints":{"allow":["GET"]}}],"collection":[{"href":"https:\/\/elluchador.info\/index.php?rest_route=\/wp\/v2\/posts"}],"about":[{"href":"https:\/\/elluchador.info\/index.php?rest_route=\/wp\/v2\/types\/post"}],"author":[{"embeddable":true,"href":"https:\/\/elluchador.info\/index.php?rest_route=\/wp\/v2\/users\/2"}],"replies":[{"embeddable":true,"href":"https:\/\/elluchador.info\/index.php?rest_route=%2Fwp%2Fv2%2Fcomments&post=141606"}],"version-history":[{"count":1,"href":"https:\/\/elluchador.info\/index.php?rest_route=\/wp\/v2\/posts\/141606\/revisions"}],"predecessor-version":[{"id":141608,"href":"https:\/\/elluchador.info\/index.php?rest_route=\/wp\/v2\/posts\/141606\/revisions\/141608"}],"wp:featuredmedia":[{"embeddable":true,"href":"https:\/\/elluchador.info\/index.php?rest_route=\/wp\/v2\/media\/141607"}],"wp:attachment":[{"href":"https:\/\/elluchador.info\/index.php?rest_route=%2Fwp%2Fv2%2Fmedia&parent=141606"}],"wp:term":[{"taxonomy":"category","embeddable":true,"href":"https:\/\/elluchador.info\/index.php?rest_route=%2Fwp%2Fv2%2Fcategories&post=141606"},{"taxonomy":"post_tag","embeddable":true,"href":"https:\/\/elluchador.info\/index.php?rest_route=%2Fwp%2Fv2%2Ftags&post=141606"}],"curies":[{"name":"wp","href":"https:\/\/api.w.org\/{rel}","templated":true}]}}