{"id":145098,"date":"2019-09-18T14:25:50","date_gmt":"2019-09-18T18:25:50","guid":{"rendered":"https:\/\/elluchador.info\/web\/?p=145098"},"modified":"2019-09-18T14:25:55","modified_gmt":"2019-09-18T18:25:55","slug":"zambrano-una-democracia-no-puede-tener-presos-politicos","status":"publish","type":"post","link":"https:\/\/elluchador.info\/?p=145098","title":{"rendered":"Zambrano: Una democracia no puede tener presos pol\u00edticos"},"content":{"rendered":"\n<p>El primer vicepresidente de la Asamblea Nacional -AN-&nbsp;<strong>\u00c9dgar Zambrano<\/strong>&nbsp;se mostr\u00f3 dispuesto a apoyar todos los acuerdos y mecanismos&nbsp; que permitan hallar soluciones a la actual crisis que viven los veezolanos.<\/p>\n\n\n\n<p>&nbsp;\u201c<strong>Soy partidario de todos los acuerdos en el pa\u00eds, &nbsp;tenemos que buscar los mecanismos para que se creen los cambios necesarios para el pa\u00eds (\u2026) Tenemos la iniciativa de buena voluntad la cual ha sido atropellada por la falta de voluntad del otro<\/strong>\u00ab, dijo.<\/p>\n\n\n\n<p>Pidi\u00f3 resolver los problemas por la v\u00eda del di\u00e1logo \u201c<strong>tiene que ser la buena pol\u00edtica que recate la pol\u00edtica, para que el pa\u00eds tenga un camino distinto<\/strong>\u201d.<\/p>\n\n\n\n<p>Asever\u00f3 que bajo ning\u00fan concepto se debe renunciar a las iniciativas de entendimiento,&nbsp; a su vez, respald\u00f3 la presidencia del jefe del parlamento nacional Juan Guaid\u00f3.<\/p>\n\n\n\n<p>\u201c<strong>Somos partidarios de la paz, de la fuerza de la palabra\u00bb<\/strong>.<\/p>\n\n\n\n<p>Celebr\u00f3 todas los mecanismo que est\u00e9n en el marco de la Constituci\u00f3n, el reconocimiento de las partes y la integraci\u00f3n de todos los factores pol\u00edticos para hallar soluciones. &nbsp;<\/p>\n\n\n\n<p>\u201c<strong>Hay que terminar de incorporar a todos los sectores del pa\u00eds, las acciones que se han tomado ahora forman parte de una iniciativa que hay que ir valorando<\/strong>\u201d.<\/p>\n\n\n\n<p>Conden\u00f3&nbsp;las sanciones impuestas al pa\u00eds, &nbsp;a su juicio, forman parte de un mecanismo que termina afectando a todos los ciudadanos.<\/p>\n\n\n\n<p>Subray\u00f3 que una democracia no debe tener presos pol\u00edticos y agreg\u00f3 que esta opci\u00f3n&nbsp;<strong>debe servir para el debate, construir ideas y hacer del pa\u00eds competitivo frente a otras naciones<\/strong>.<\/p>\n\n\n\n<p>Respecto a su detenci\u00f3n lament\u00f3 que le fuese vulnerada su inmunidad y agradeci\u00f3 a todos los actores que participaron de su liberaci\u00f3n.<\/p>\n\n\n\n<p>\u00ab<strong>Mi liberaci\u00f3n es una obra del ejercicio democr\u00e1tico, hasta los actores de la democracia venezolana<\/strong>\u00ab.<\/p>\n\n\n\n<p>Zambrano dijo que se reunir\u00e1 con todos los factores pol\u00edticos que abogaron por su excarcelaci\u00f3n.<\/p>\n\n\n\n<p>Uni\u00f3n Radio<\/p>\n","protected":false},"excerpt":{"rendered":"<p>El primer vicepresidente de la Asamblea Nacional -AN-&nbsp;\u00c9dgar Zambrano&nbsp;se mostr\u00f3 dispuesto a apoyar todos los acuerdos y mecanismos&nbsp; que permitan hallar soluciones a la actual crisis que viven los veezolanos. &nbsp;\u201cSoy partidario de todos los acuerdos en el pa\u00eds, &nbsp;tenemos que buscar los mecanismos para que se creen los cambios necesarios para el pa\u00eds (\u2026) [&hellip;]<\/p>\n","protected":false},"author":2,"featured_media":145100,"comment_status":"closed","ping_status":"closed","sticky":false,"template":"","format":"standard","meta":{"footnotes":""},"categories":[5,11],"tags":[],"class_list":{"0":"post-145098","1":"post","2":"type-post","3":"status-publish","4":"format-standard","5":"has-post-thumbnail","7":"category-destacado","8":"category-politica"},"_links":{"self":[{"href":"https:\/\/elluchador.info\/index.php?rest_route=\/wp\/v2\/posts\/145098","targetHints":{"allow":["GET"]}}],"collection":[{"href":"https:\/\/elluchador.info\/index.php?rest_route=\/wp\/v2\/posts"}],"about":[{"href":"https:\/\/elluchador.info\/index.php?rest_route=\/wp\/v2\/types\/post"}],"author":[{"embeddable":true,"href":"https:\/\/elluchador.info\/index.php?rest_route=\/wp\/v2\/users\/2"}],"replies":[{"embeddable":true,"href":"https:\/\/elluchador.info\/index.php?rest_route=%2Fwp%2Fv2%2Fcomments&post=145098"}],"version-history":[{"count":1,"href":"https:\/\/elluchador.info\/index.php?rest_route=\/wp\/v2\/posts\/145098\/revisions"}],"predecessor-version":[{"id":145102,"href":"https:\/\/elluchador.info\/index.php?rest_route=\/wp\/v2\/posts\/145098\/revisions\/145102"}],"wp:featuredmedia":[{"embeddable":true,"href":"https:\/\/elluchador.info\/index.php?rest_route=\/wp\/v2\/media\/145100"}],"wp:attachment":[{"href":"https:\/\/elluchador.info\/index.php?rest_route=%2Fwp%2Fv2%2Fmedia&parent=145098"}],"wp:term":[{"taxonomy":"category","embeddable":true,"href":"https:\/\/elluchador.info\/index.php?rest_route=%2Fwp%2Fv2%2Fcategories&post=145098"},{"taxonomy":"post_tag","embeddable":true,"href":"https:\/\/elluchador.info\/index.php?rest_route=%2Fwp%2Fv2%2Ftags&post=145098"}],"curies":[{"name":"wp","href":"https:\/\/api.w.org\/{rel}","templated":true}]}}