{"id":146876,"date":"2019-10-04T18:02:01","date_gmt":"2019-10-04T22:02:01","guid":{"rendered":"https:\/\/elluchador.info\/web\/?p=146876"},"modified":"2019-10-04T16:03:39","modified_gmt":"2019-10-04T20:03:39","slug":"vizcarra-afirma-que-disolvio-el-congreso-pensando-en-lo-mejor-para-el-pais","status":"publish","type":"post","link":"https:\/\/elluchador.info\/?p=146876","title":{"rendered":"Vizcarra afirma que disolvi\u00f3 el Congreso pensando en \u00ablo mejor para el pa\u00eds\u00bb"},"content":{"rendered":"\n<p>El presidente de Per\u00fa,<strong>&nbsp;Mart\u00edn Vizcarra,<\/strong>&nbsp;afirm\u00f3 este viernes que decidi\u00f3 disolver el Congreso pensando en \u00ab<strong>lo mejor para el pa\u00eds<\/strong>\u00ab, ya que considera que esa medida permitir\u00e1 terminar con la confrontaci\u00f3n entre el Ejecutivo y el Legislativo.<\/p>\n\n\n\n<p>En una visita de trabajo a la ciudad amaz\u00f3nica de Pucallpa, el gobernante reconoci\u00f3, en su primera actividad p\u00fablica desde que orden\u00f3 el cierre del Congreso y la celebraci\u00f3n de nuevas elecciones, que los \u00faltimos d\u00edas \u00abhan sido dif\u00edciles\u00bb, pero asegur\u00f3 que todas las decisiones se tomaron \u00ab<strong>pensando en lo que es mejor para el pa\u00eds y para todos los peruanos<\/strong>\u00ab.<\/p>\n\n\n\n<p>\u00ab<strong>Tenemos un enorme potencial y este no se desarrolla porque la clase pol\u00edtica no se pone a la altura de las circunstancias para trabajar y dedicarse con exclusividad a los verdaderos problemas<\/strong>\u00ab, remarc\u00f3.<\/p>\n\n\n\n<p>Vizcarra, que el jueves tom\u00f3 juramento a su nuevo gabinete de ministros, reiter\u00f3 que us\u00f3 sus prerrogativas constitucionales para cerrar el Congreso, que era dominado por la oposici\u00f3n fujimorista.<\/p>\n\n\n\n<p>\u00ab<strong>Quiero ratificar desde aqu\u00ed que todas esas decisiones han sido tomadas respetando escrupulosamente a nuestra democracia y Constituci\u00f3n<\/strong>\u00ab, enfatiz\u00f3 ante autoridades y empresarios que asisten al Consejo Empresarial de la Amazon\u00eda.<\/p>\n\n\n\n<p>Vizcarra dijo que sus compatriotas deben \u00ab<strong>tener en claro que el enemigo de los peruanos es la pobreza, la falta de servicios b\u00e1sicos, ese debe ser el principal objetivo<\/strong>\u00ab.<\/p>\n\n\n\n<p>Agreg\u00f3 que espera que con el proceso que ya se ha iniciado para la celebraci\u00f3n de elecciones legislativas el pr\u00f3ximo 26 de enero se pueda \u00abdar por superada esta etapa de confrontaci\u00f3n\u00bb y todos dediquen su tiempo \u00aba lo que es realmente relevante, que es el desarrollo sostenible que beneficie a todos los peruanos\u00bb.<\/p>\n\n\n\n<p>EFE<br><\/p>\n","protected":false},"excerpt":{"rendered":"<p>El presidente de Per\u00fa,&nbsp;Mart\u00edn Vizcarra,&nbsp;afirm\u00f3 este viernes que decidi\u00f3 disolver el Congreso pensando en \u00ablo mejor para el pa\u00eds\u00ab, ya que considera que esa medida permitir\u00e1 terminar con la confrontaci\u00f3n entre el Ejecutivo y el Legislativo. En una visita de trabajo a la ciudad amaz\u00f3nica de Pucallpa, el gobernante reconoci\u00f3, en su primera actividad p\u00fablica [&hellip;]<\/p>\n","protected":false},"author":2,"featured_media":146878,"comment_status":"closed","ping_status":"closed","sticky":false,"template":"","format":"standard","meta":{"footnotes":""},"categories":[8],"tags":[],"class_list":{"0":"post-146876","1":"post","2":"type-post","3":"status-publish","4":"format-standard","5":"has-post-thumbnail","7":"category-internacionales"},"_links":{"self":[{"href":"https:\/\/elluchador.info\/index.php?rest_route=\/wp\/v2\/posts\/146876","targetHints":{"allow":["GET"]}}],"collection":[{"href":"https:\/\/elluchador.info\/index.php?rest_route=\/wp\/v2\/posts"}],"about":[{"href":"https:\/\/elluchador.info\/index.php?rest_route=\/wp\/v2\/types\/post"}],"author":[{"embeddable":true,"href":"https:\/\/elluchador.info\/index.php?rest_route=\/wp\/v2\/users\/2"}],"replies":[{"embeddable":true,"href":"https:\/\/elluchador.info\/index.php?rest_route=%2Fwp%2Fv2%2Fcomments&post=146876"}],"version-history":[{"count":1,"href":"https:\/\/elluchador.info\/index.php?rest_route=\/wp\/v2\/posts\/146876\/revisions"}],"predecessor-version":[{"id":146879,"href":"https:\/\/elluchador.info\/index.php?rest_route=\/wp\/v2\/posts\/146876\/revisions\/146879"}],"wp:featuredmedia":[{"embeddable":true,"href":"https:\/\/elluchador.info\/index.php?rest_route=\/wp\/v2\/media\/146878"}],"wp:attachment":[{"href":"https:\/\/elluchador.info\/index.php?rest_route=%2Fwp%2Fv2%2Fmedia&parent=146876"}],"wp:term":[{"taxonomy":"category","embeddable":true,"href":"https:\/\/elluchador.info\/index.php?rest_route=%2Fwp%2Fv2%2Fcategories&post=146876"},{"taxonomy":"post_tag","embeddable":true,"href":"https:\/\/elluchador.info\/index.php?rest_route=%2Fwp%2Fv2%2Ftags&post=146876"}],"curies":[{"name":"wp","href":"https:\/\/api.w.org\/{rel}","templated":true}]}}