{"id":147148,"date":"2019-10-07T15:20:32","date_gmt":"2019-10-07T19:20:32","guid":{"rendered":"https:\/\/elluchador.info\/web\/?p=147148"},"modified":"2019-10-07T15:01:57","modified_gmt":"2019-10-07T19:01:57","slug":"blindan-sede-presidencial-de-ecuador-por-manifestacion-indigena","status":"publish","type":"post","link":"https:\/\/elluchador.info\/?p=147148","title":{"rendered":"Blindan sede presidencial de Ecuador por manifestaci\u00f3n ind\u00edgena"},"content":{"rendered":"\n<p>El Palacio de Carondelet, sede de la Presidencia de Ecuador, se ha ido blindando ante la prevista llegada esta semana de miles de ind\u00edgenas, dentro de la ola de protestas que sacude el pa\u00eds desde el jueves pasado por las medidas econ\u00f3micas del Gobierno.<\/p>\n\n\n\n<p>Efe constat\u00f3 este lunes que el anillo de seguridad va ampli\u00e1ndose poco a poco hasta alcanzar las calles m\u00e1s alejadas,&nbsp;<strong>con severas restricciones al paso de viandantes y tambi\u00e9n al de periodistas<\/strong>.<\/p>\n\n\n\n<p>Todo el per\u00edmetro de seguridad, que abarca en algunos casos hasta varias calles de distancia,&nbsp;<strong>ha sido cercado con vallas y alambre de p\u00faas convirtiendo el palacio en un aut\u00e9ntico basti\u00f3n militar donde se proh\u00edbe filmar por el estado de excepci\u00f3n<\/strong>.<\/p>\n\n\n\n<p>Las primeras medidas de seguridad fueron introducidas con los graves disturbios del jueves y viernes, pero el s\u00e1bado,<strong>&nbsp;con la capital m\u00e1s relajada, a\u00fan era posible acceder a la Plaza Grande, que estaba cercada desde adentro y por tanto vac\u00eda<\/strong>.<\/p>\n\n\n\n<p>El domingo, el anillo fue ampliado y hoy toda la zona ha quedado bajo control militar y policial.<\/p>\n\n\n\n<p>Apostados en los accesos se encuentran agentes de polic\u00eda, fuerzas antidisturbios y soldados, estos \u00faltimos plenamente pertrechados con cascos, chalecos y armas de asalto.<\/p>\n\n\n\n<p>Adem\u00e1s, la noche del domingo, un peque\u00f1o contingente de militares boinas rojas (fuerzas especiales paracaidistas) se despleg\u00f3 en los alrededores del Palacio como precauci\u00f3n y hoy revisaban todo el sector para inspeccionar las medidas de seguridad adoptadas.<\/p>\n\n\n\n<p>Su poca discreta llegada en sendos transportes blindados de personal (TBP) llam\u00f3&nbsp;<strong>la atenci\u00f3n de la poblaci\u00f3n y la difusi\u00f3n por redes sociales de v\u00eddeos con su llegada al casco antiguo gener\u00f3 cierta alarma y el falso temor a una salida de los militares a las calle<\/strong>s.<\/p>\n\n\n\n<p>Un alarma que disip\u00f3 el ministro de Defensa, Oswaldo Jarr\u00edn, en un mensaje por cadena nacional.<\/p>\n\n\n\n<p>Al menos una de las dos tanquetas segu\u00eda este domingo en la zona,&nbsp;<strong>aunque ninguna fuente revel\u00f3 cu\u00e1l era su prop\u00f3sito porque est\u00e1n presuntamente desarmadas<\/strong>.<\/p>\n\n\n\n<p>Tambi\u00e9n hay presencia militar en los principales accesos a la capital.<\/p>\n\n\n\n<p>EFE<\/p>\n","protected":false},"excerpt":{"rendered":"<p>El Palacio de Carondelet, sede de la Presidencia de Ecuador, se ha ido blindando ante la prevista llegada esta semana de miles de ind\u00edgenas, dentro de la ola de protestas que sacude el pa\u00eds desde el jueves pasado por las medidas econ\u00f3micas del Gobierno. Efe constat\u00f3 este lunes que el anillo de seguridad va ampli\u00e1ndose [&hellip;]<\/p>\n","protected":false},"author":2,"featured_media":147149,"comment_status":"closed","ping_status":"closed","sticky":false,"template":"","format":"standard","meta":{"footnotes":""},"categories":[5,8],"tags":[],"class_list":{"0":"post-147148","1":"post","2":"type-post","3":"status-publish","4":"format-standard","5":"has-post-thumbnail","7":"category-destacado","8":"category-internacionales"},"_links":{"self":[{"href":"https:\/\/elluchador.info\/index.php?rest_route=\/wp\/v2\/posts\/147148","targetHints":{"allow":["GET"]}}],"collection":[{"href":"https:\/\/elluchador.info\/index.php?rest_route=\/wp\/v2\/posts"}],"about":[{"href":"https:\/\/elluchador.info\/index.php?rest_route=\/wp\/v2\/types\/post"}],"author":[{"embeddable":true,"href":"https:\/\/elluchador.info\/index.php?rest_route=\/wp\/v2\/users\/2"}],"replies":[{"embeddable":true,"href":"https:\/\/elluchador.info\/index.php?rest_route=%2Fwp%2Fv2%2Fcomments&post=147148"}],"version-history":[{"count":1,"href":"https:\/\/elluchador.info\/index.php?rest_route=\/wp\/v2\/posts\/147148\/revisions"}],"predecessor-version":[{"id":147151,"href":"https:\/\/elluchador.info\/index.php?rest_route=\/wp\/v2\/posts\/147148\/revisions\/147151"}],"wp:featuredmedia":[{"embeddable":true,"href":"https:\/\/elluchador.info\/index.php?rest_route=\/wp\/v2\/media\/147149"}],"wp:attachment":[{"href":"https:\/\/elluchador.info\/index.php?rest_route=%2Fwp%2Fv2%2Fmedia&parent=147148"}],"wp:term":[{"taxonomy":"category","embeddable":true,"href":"https:\/\/elluchador.info\/index.php?rest_route=%2Fwp%2Fv2%2Fcategories&post=147148"},{"taxonomy":"post_tag","embeddable":true,"href":"https:\/\/elluchador.info\/index.php?rest_route=%2Fwp%2Fv2%2Ftags&post=147148"}],"curies":[{"name":"wp","href":"https:\/\/api.w.org\/{rel}","templated":true}]}}