{"id":147156,"date":"2019-10-07T17:04:21","date_gmt":"2019-10-07T21:04:21","guid":{"rendered":"https:\/\/elluchador.info\/web\/?p=147156"},"modified":"2019-10-07T15:07:03","modified_gmt":"2019-10-07T19:07:03","slug":"borrell-respalda-sanciones-selectivas-contra-funcionarios-venezolanos","status":"publish","type":"post","link":"https:\/\/elluchador.info\/?p=147156","title":{"rendered":"Borrell respalda sanciones selectivas contra funcionarios venezolanos"},"content":{"rendered":"\n<p>El ministro espa\u00f1ol de Exteriores en funciones,<strong>&nbsp;Josep Borrell<\/strong>, respald\u00f3 las sanciones selectivas aplicadas contra autoridades venezolanas.<\/p>\n\n\n\n<p>Durante la audiencia ante la comisi\u00f3n de Exteriores del Parlamento Europeo, Borrell rechaz\u00f3 sanciones \u00abque puedan afectar a\u00fan m\u00e1s al pueblo venezolano\u00bb, que atraviesa una \u00abterrible\u00bb situaci\u00f3n humanitaria.<\/p>\n\n\n\n<p><strong>\u00abNo apoyaremos sanciones colectivas\u00bb, asegur\u00f3, ya que \u00abcualquier cosa que les impida tener un poco menos de comida o de medicinas, no es algo que se pueda aceptar\u00bb.<\/strong><\/p>\n\n\n\n<p>En cambio, Borrell defendi\u00f3 la imposici\u00f3n de sanciones individuales contra personalidades que tengan cargos de responsabilidad, y record\u00f3 que Espa\u00f1a fue el pa\u00eds que promovi\u00f3 la aplicaci\u00f3n de medidas restrictivas contra siete personas acusadas de vulneraciones a los DDHH.<\/p>\n\n\n\n<p>Se\u00f1al\u00f3 que la UE trabaja por conseguir una soluci\u00f3n negociada entre venezolanos que permita una salida democr\u00e1tica a la crisis, a la vez que pidi\u00f3 voluntad de negociaci\u00f3n para que se celebren las elecciones presidenciales.<\/p>\n\n\n\n<p>EFE<\/p>\n","protected":false},"excerpt":{"rendered":"<p>El ministro espa\u00f1ol de Exteriores en funciones,&nbsp;Josep Borrell, respald\u00f3 las sanciones selectivas aplicadas contra autoridades venezolanas. Durante la audiencia ante la comisi\u00f3n de Exteriores del Parlamento Europeo, Borrell rechaz\u00f3 sanciones \u00abque puedan afectar a\u00fan m\u00e1s al pueblo venezolano\u00bb, que atraviesa una \u00abterrible\u00bb situaci\u00f3n humanitaria. \u00abNo apoyaremos sanciones colectivas\u00bb, asegur\u00f3, ya que \u00abcualquier cosa que les [&hellip;]<\/p>\n","protected":false},"author":2,"featured_media":147161,"comment_status":"closed","ping_status":"closed","sticky":false,"template":"","format":"standard","meta":{"footnotes":""},"categories":[8],"tags":[],"class_list":{"0":"post-147156","1":"post","2":"type-post","3":"status-publish","4":"format-standard","5":"has-post-thumbnail","7":"category-internacionales"},"_links":{"self":[{"href":"https:\/\/elluchador.info\/index.php?rest_route=\/wp\/v2\/posts\/147156","targetHints":{"allow":["GET"]}}],"collection":[{"href":"https:\/\/elluchador.info\/index.php?rest_route=\/wp\/v2\/posts"}],"about":[{"href":"https:\/\/elluchador.info\/index.php?rest_route=\/wp\/v2\/types\/post"}],"author":[{"embeddable":true,"href":"https:\/\/elluchador.info\/index.php?rest_route=\/wp\/v2\/users\/2"}],"replies":[{"embeddable":true,"href":"https:\/\/elluchador.info\/index.php?rest_route=%2Fwp%2Fv2%2Fcomments&post=147156"}],"version-history":[{"count":1,"href":"https:\/\/elluchador.info\/index.php?rest_route=\/wp\/v2\/posts\/147156\/revisions"}],"predecessor-version":[{"id":147162,"href":"https:\/\/elluchador.info\/index.php?rest_route=\/wp\/v2\/posts\/147156\/revisions\/147162"}],"wp:featuredmedia":[{"embeddable":true,"href":"https:\/\/elluchador.info\/index.php?rest_route=\/wp\/v2\/media\/147161"}],"wp:attachment":[{"href":"https:\/\/elluchador.info\/index.php?rest_route=%2Fwp%2Fv2%2Fmedia&parent=147156"}],"wp:term":[{"taxonomy":"category","embeddable":true,"href":"https:\/\/elluchador.info\/index.php?rest_route=%2Fwp%2Fv2%2Fcategories&post=147156"},{"taxonomy":"post_tag","embeddable":true,"href":"https:\/\/elluchador.info\/index.php?rest_route=%2Fwp%2Fv2%2Ftags&post=147156"}],"curies":[{"name":"wp","href":"https:\/\/api.w.org\/{rel}","templated":true}]}}