{"id":148743,"date":"2019-10-23T12:39:19","date_gmt":"2019-10-23T16:39:19","guid":{"rendered":"https:\/\/elluchador.info\/web\/?p=148743"},"modified":"2019-10-23T12:39:38","modified_gmt":"2019-10-23T16:39:38","slug":"presidente-nicolas-maduro-viajara-a-azerbaiyan-para-cumbre-de-mnoal","status":"publish","type":"post","link":"https:\/\/elluchador.info\/?p=148743","title":{"rendered":"Presidente Nicol\u00e1s Maduro viajar\u00e1 a Azerbaiy\u00e1n para Cumbre de MNOAL"},"content":{"rendered":"\n<p>El presidente de la Rep\u00fablica Bolivariana de Venezuela, Nicol\u00e1s Maduro Moros, viajar\u00e1 a Bak\u00fa, Azerbaiy\u00e1n, donde entregar\u00e1 un balance de la presidencia del Movimiento de Pa\u00edses No Alineados (MNOAL), ejercida durante tres a\u00f1os por la naci\u00f3n.<\/p>\n\n\n\n<p>El Jefe del Estado hizo el anuncio durante rueda de prensa nacional este mi\u00e9rcoles desde el Palacio de Miraflores donde destac\u00f3 que presentar\u00e1 el balance de gesti\u00f3n ante los 120 pa\u00edses miembros donde adem\u00e1s entregar\u00e1 la presidencia prot\u00e9mpore del organismo internacional.<\/p>\n\n\n\n<p>Maduro se\u00f1al\u00f3 que Venezuela entrega la presidencia del MNOAL presentando los logros del pa\u00eds en materia de avances en el derecho internacional, en los derechos de los pueblos, en la lucha contra el armamentismo, la lucha contra la carrera nuclear.<\/p>\n\n\n\n<p>Precis\u00f3 asimismo que Venezuela consignar\u00e1 un balance victorioso de su presidencia la que por primera vez en la historia presidi\u00f3 luego de 60 a\u00f1os, \u00aby lo hemos hecho con decoro, con dignidad, entregaremos un Movimiento de Pa\u00edses No Alineados repotenciado\u00bb, afirm\u00f3 el Mandatario Nacional. (YVKE Mundial)<\/p>\n","protected":false},"excerpt":{"rendered":"<p>El presidente de la Rep\u00fablica Bolivariana de Venezuela, Nicol\u00e1s Maduro Moros, viajar\u00e1 a Bak\u00fa, Azerbaiy\u00e1n, donde entregar\u00e1 un balance de la presidencia del Movimiento de Pa\u00edses No Alineados (MNOAL), ejercida durante tres a\u00f1os por la naci\u00f3n. El Jefe del Estado hizo el anuncio durante rueda de prensa nacional este mi\u00e9rcoles desde el Palacio de Miraflores [&hellip;]<\/p>\n","protected":false},"author":2,"featured_media":148744,"comment_status":"closed","ping_status":"closed","sticky":false,"template":"","format":"standard","meta":{"footnotes":""},"categories":[5,9],"tags":[],"class_list":{"0":"post-148743","1":"post","2":"type-post","3":"status-publish","4":"format-standard","5":"has-post-thumbnail","7":"category-destacado","8":"category-nacionales"},"_links":{"self":[{"href":"https:\/\/elluchador.info\/index.php?rest_route=\/wp\/v2\/posts\/148743","targetHints":{"allow":["GET"]}}],"collection":[{"href":"https:\/\/elluchador.info\/index.php?rest_route=\/wp\/v2\/posts"}],"about":[{"href":"https:\/\/elluchador.info\/index.php?rest_route=\/wp\/v2\/types\/post"}],"author":[{"embeddable":true,"href":"https:\/\/elluchador.info\/index.php?rest_route=\/wp\/v2\/users\/2"}],"replies":[{"embeddable":true,"href":"https:\/\/elluchador.info\/index.php?rest_route=%2Fwp%2Fv2%2Fcomments&post=148743"}],"version-history":[{"count":1,"href":"https:\/\/elluchador.info\/index.php?rest_route=\/wp\/v2\/posts\/148743\/revisions"}],"predecessor-version":[{"id":148745,"href":"https:\/\/elluchador.info\/index.php?rest_route=\/wp\/v2\/posts\/148743\/revisions\/148745"}],"wp:featuredmedia":[{"embeddable":true,"href":"https:\/\/elluchador.info\/index.php?rest_route=\/wp\/v2\/media\/148744"}],"wp:attachment":[{"href":"https:\/\/elluchador.info\/index.php?rest_route=%2Fwp%2Fv2%2Fmedia&parent=148743"}],"wp:term":[{"taxonomy":"category","embeddable":true,"href":"https:\/\/elluchador.info\/index.php?rest_route=%2Fwp%2Fv2%2Fcategories&post=148743"},{"taxonomy":"post_tag","embeddable":true,"href":"https:\/\/elluchador.info\/index.php?rest_route=%2Fwp%2Fv2%2Ftags&post=148743"}],"curies":[{"name":"wp","href":"https:\/\/api.w.org\/{rel}","templated":true}]}}