{"id":148754,"date":"2019-10-23T12:49:43","date_gmt":"2019-10-23T16:49:43","guid":{"rendered":"https:\/\/elluchador.info\/web\/?p=148754"},"modified":"2019-10-23T12:49:51","modified_gmt":"2019-10-23T16:49:51","slug":"colombia-cerrara-frontera-con-venezuela-por-elecciones-locales","status":"publish","type":"post","link":"https:\/\/elluchador.info\/?p=148754","title":{"rendered":"Colombia cerrar\u00e1 frontera con Venezuela por elecciones locales"},"content":{"rendered":"\n<p>Colombia cerrar\u00e1 la frontera con Venezuela del 24 al 27 de octubre y har\u00e1 lo propio con&nbsp;<strong>Ecuador, Per\u00fa&nbsp;<\/strong>y<strong>&nbsp;Brasil<\/strong>&nbsp;desde el s\u00e1bado 25, como parte de las medidas de seguridad adoptadas para las elecciones locales del 27, indic\u00f3 la estatal Migraci\u00f3n&nbsp;<strong>Colombia<\/strong>.<\/p>\n\n\n\n<p>\u00abLa medida (&#8230;) busca garantizar la total normalidad en el desarrollo de los comicios regionales que se llevar\u00e1n a cabo dentro del territorio nacional\u00bb, dijo el director de Migraci\u00f3n Colombia, Christian Kr\u00fcger, citado en un comunicado del organismo.<\/p>\n\n\n\n<p>Seg\u00fan el funcionario, el cierre de la frontera colombiana se realizar\u00e1 en dos etapas, iniciando a las 00.00 horas (05.00 GMT) del jueves 24 de octubre con el cierre de todos los pasos fronterizos entre Colombia y Venezuela y, despu\u00e9s, con el cierre de los pasos fronterizos, terrestres y fluviales, con Ecuador, Per\u00fa y Brasil, desde las 00.00 horas del s\u00e1bado 26.<\/p>\n\n\n\n<p>\u00abLa decisi\u00f3n de cerrar la frontera en dos etapas obedece a que, como autoridad migratoria, hemos podido evidenciar que buena parte de los extranjeros que ingresan a Colombia lo hacen como tr\u00e1nsito hacia un tercer pa\u00eds, entonces lo que buscamos con esta decisi\u00f3n es que los ciudadanos que necesitan hacer tr\u00e1nsito por el territorio colombiano lo hagan con antelaci\u00f3n para as\u00ed evitar congestiones\u00bb, indic\u00f3 Kr\u00fcger.Asimismo, inform\u00f3 que se har\u00e1 el desplazamiento de grupos de oficiales de verificaci\u00f3n a los diferentes departamentos, con el fin de garantizar que los extranjeros que vayan a participar de los comicios cumplan con las normas establecidas y no se presenten irregularidades.<\/p>\n\n\n\n<p>En Colombia los ciudadanos extranjeros solo pueden votar en elecciones regionales o departamentales, para lo cual deben cumplir con una serie de requisitos, entre los que se encuentran el ser poseedor de visa de residente desde cinco a\u00f1os o m\u00e1s, residir durante ese mismo tiempo de manera permanente en el pa\u00eds, tener una c\u00e9dula de extranjer\u00eda vigente y haber registrado la misma antes del 27 de agosto. (YVKE Mundial)<\/p>\n","protected":false},"excerpt":{"rendered":"<p>Colombia cerrar\u00e1 la frontera con Venezuela del 24 al 27 de octubre y har\u00e1 lo propio con&nbsp;Ecuador, Per\u00fa&nbsp;y&nbsp;Brasil&nbsp;desde el s\u00e1bado 25, como parte de las medidas de seguridad adoptadas para las elecciones locales del 27, indic\u00f3 la estatal Migraci\u00f3n&nbsp;Colombia. \u00abLa medida (&#8230;) busca garantizar la total normalidad en el desarrollo de los comicios regionales que [&hellip;]<\/p>\n","protected":false},"author":2,"featured_media":148755,"comment_status":"closed","ping_status":"closed","sticky":false,"template":"","format":"standard","meta":{"footnotes":""},"categories":[8],"tags":[],"class_list":{"0":"post-148754","1":"post","2":"type-post","3":"status-publish","4":"format-standard","5":"has-post-thumbnail","7":"category-internacionales"},"_links":{"self":[{"href":"https:\/\/elluchador.info\/index.php?rest_route=\/wp\/v2\/posts\/148754","targetHints":{"allow":["GET"]}}],"collection":[{"href":"https:\/\/elluchador.info\/index.php?rest_route=\/wp\/v2\/posts"}],"about":[{"href":"https:\/\/elluchador.info\/index.php?rest_route=\/wp\/v2\/types\/post"}],"author":[{"embeddable":true,"href":"https:\/\/elluchador.info\/index.php?rest_route=\/wp\/v2\/users\/2"}],"replies":[{"embeddable":true,"href":"https:\/\/elluchador.info\/index.php?rest_route=%2Fwp%2Fv2%2Fcomments&post=148754"}],"version-history":[{"count":1,"href":"https:\/\/elluchador.info\/index.php?rest_route=\/wp\/v2\/posts\/148754\/revisions"}],"predecessor-version":[{"id":148756,"href":"https:\/\/elluchador.info\/index.php?rest_route=\/wp\/v2\/posts\/148754\/revisions\/148756"}],"wp:featuredmedia":[{"embeddable":true,"href":"https:\/\/elluchador.info\/index.php?rest_route=\/wp\/v2\/media\/148755"}],"wp:attachment":[{"href":"https:\/\/elluchador.info\/index.php?rest_route=%2Fwp%2Fv2%2Fmedia&parent=148754"}],"wp:term":[{"taxonomy":"category","embeddable":true,"href":"https:\/\/elluchador.info\/index.php?rest_route=%2Fwp%2Fv2%2Fcategories&post=148754"},{"taxonomy":"post_tag","embeddable":true,"href":"https:\/\/elluchador.info\/index.php?rest_route=%2Fwp%2Fv2%2Ftags&post=148754"}],"curies":[{"name":"wp","href":"https:\/\/api.w.org\/{rel}","templated":true}]}}