{"id":153807,"date":"2019-11-29T20:09:52","date_gmt":"2019-11-30T00:09:52","guid":{"rendered":"https:\/\/elluchador.info\/web\/?p=153807"},"modified":"2019-11-29T13:19:41","modified_gmt":"2019-11-29T17:19:41","slug":"berti-recursos-de-la-ayuda-humanitaria-fueron-malversados","status":"publish","type":"post","link":"https:\/\/elluchador.info\/?p=153807","title":{"rendered":"Berti: Recursos de la ayuda humanitaria fueron malversados"},"content":{"rendered":"\n<p>\u00abEl partido de nosotros es Venezuela, no es ninguna parcialidad pol\u00edtica\u00bb, asegur\u00f3 este viernes\u00a0Humberto Calder\u00f3n Berti, quien fungi\u00f3 como embajador venezolano en Colombia hasta el pasado mi\u00e9rcoles.<\/p>\n\n\n\n<p>\u00abYo soy diplom\u00e1tico, yo he sido canciller por accidente y fui\u00a0embajador por accidente\u00bb, ralat\u00f3 Berti al iniciar una rueda de prensa durante la ma\u00f1ana de este viernes en Bogot\u00e1, Colombia.<\/p>\n\n\n\n<p>Berti fue designado representante diplom\u00e1tico ante Colombia por orden de Juan Guaid\u00f3. El pasado mi\u00e9rcoles el l\u00edder opositor lo retir\u00f3 del cargo.<\/p>\n\n\n\n<p>Apenas pisaba el territorio vecino ocurri\u00f3 el \u00abC\u00facutazo\u00bb el pasado 23 de febrero.<\/p>\n\n\n\n<p>Frente a ello, cuestion\u00f3 la\u00a0entrada fallida de la ayuda humanitaria\u00a0por los cruces fronterizos de Colombia y Venezuela, hecho que provoc\u00f3 un conflicto c\u00edvico, incluso logr\u00f3 que diversos funcionarios militares desertaran al Gobierno de Nicol\u00e1s Maduro.<\/p>\n\n\n\n<p>\u00ab\u00bfQu\u00e9 se le dijo al presidente de Chile de Colombia, de Paraguay? No lo s\u00e9, y al pueblo venezolano no se lo han dicho. Est\u00e1n en deuda con el pueblo venezolano para explicarle\u00a0por qu\u00e9 no pas\u00f3 la comida y la ayuda humanitaria a Venezuela. No fue culpa de Guaido,\u00a0fue culpa de la tiran\u00eda venezolana\u00bb, manifest\u00f3.<\/p>\n\n\n\n<p>Berti precis\u00f3 que\u00a01.200 militares venezolanos\u00a0ingresaron a Colombia y recibieron ayuda de la ACNUR, sin embargo hubo una minor\u00eda \u00abque no fue ayudada por nadie\u00bb, sentenci\u00f3.<\/p>\n\n\n\n<p><strong>\u00bfD\u00f3nde est\u00e1n los recursos?<\/strong><\/p>\n\n\n\n<p>Cuando el grupo de funcionarios militares desertores a Maduro denunciaron que Juan Guaid\u00f3 los dej\u00f3 \u00aba la buena de Dios\u00bb, surgieron se\u00f1alamientos de\u00a0presuntas irregularidades\u00a0en la administraci\u00f3n de los recursos.<\/p>\n\n\n\n<p>Sobre ello, Berti asegur\u00f3 que la Polic\u00eda de Colombia le consign\u00f3 informaci\u00f3n sobre el\u00a0mal manejo de los recursos.<\/p>\n\n\n\n<p>\u00abLa polic\u00eda colombiana me dio una informaci\u00f3n que hablaba de\u00a0prostitutas,\u00a0de\u00a0mal manejo de recursos,\u00a0de doble facturaci\u00f3n, facturaci\u00f3n ficticia. Yo les solicite m\u00e1s informaci\u00f3n\u00bb, expres\u00f3.<\/p>\n\n\n\n<p>Posteriormente, Berti instruy\u00f3 la\u00a0creaci\u00f3n de una auditor\u00eda\u00a0para investigar el caso, documento que fue consignado a Guaid\u00f3 y Leopoldo L\u00f3pez, misma informaci\u00f3n filtrada por los medios de comunicaci\u00f3n.\u00a0<\/p>\n\n\n\n<p>\u00ab\u00bfC\u00f3mo voy a criticar yo que la informaci\u00f3n se sepa? Lo triste no es que se haya sabido, lo triste es que ocurri\u00f3\u00bb, lament\u00f3 Berti.<\/p>\n\n\n\n<p>Actualmente la Fiscal\u00eda General de Colombia sigue analizando el caso.<\/p>\n\n\n\n<p>\u00abPronostiqu\u00e9 un fracaso\u00bb<\/p>\n\n\n\n<p>Sobre el\u00a0mecanismo de di\u00e1logo\u00a0entre la oposici\u00f3n liderada por Guaid\u00f3 y el Gobierno de Nicol\u00e1s Maduro Berti asegur\u00f3 que tuvo sus \u00abreservas\u00bb, y al final del proceso supo que terminar\u00eda en un \u00abfracaso\u00bb.<\/p>\n\n\n\n<p>\u00abYo dije que a los representantes del gobierno Guaido los estaban mangoniando, y eso molesto a todos. Lo que la gente aspira es transparencia. Y pas\u00f3 lo que yo pronostique que iba a ocurrir, fueron un fracaso\u00bb.<\/p>\n\n\n\n<p><strong>La Prensa<\/strong><\/p>\n","protected":false},"excerpt":{"rendered":"<p>\u00abEl partido de nosotros es Venezuela, no es ninguna parcialidad pol\u00edtica\u00bb, asegur\u00f3 este viernes\u00a0Humberto Calder\u00f3n Berti, quien fungi\u00f3 como embajador venezolano en Colombia hasta el pasado mi\u00e9rcoles. \u00abYo soy diplom\u00e1tico, yo he sido canciller por accidente y fui\u00a0embajador por accidente\u00bb, ralat\u00f3 Berti al iniciar una rueda de prensa durante la ma\u00f1ana de este viernes en [&hellip;]<\/p>\n","protected":false},"author":2,"featured_media":153814,"comment_status":"closed","ping_status":"closed","sticky":false,"template":"","format":"standard","meta":{"footnotes":""},"categories":[8],"tags":[],"class_list":{"0":"post-153807","1":"post","2":"type-post","3":"status-publish","4":"format-standard","5":"has-post-thumbnail","7":"category-internacionales"},"_links":{"self":[{"href":"https:\/\/elluchador.info\/index.php?rest_route=\/wp\/v2\/posts\/153807","targetHints":{"allow":["GET"]}}],"collection":[{"href":"https:\/\/elluchador.info\/index.php?rest_route=\/wp\/v2\/posts"}],"about":[{"href":"https:\/\/elluchador.info\/index.php?rest_route=\/wp\/v2\/types\/post"}],"author":[{"embeddable":true,"href":"https:\/\/elluchador.info\/index.php?rest_route=\/wp\/v2\/users\/2"}],"replies":[{"embeddable":true,"href":"https:\/\/elluchador.info\/index.php?rest_route=%2Fwp%2Fv2%2Fcomments&post=153807"}],"version-history":[{"count":1,"href":"https:\/\/elluchador.info\/index.php?rest_route=\/wp\/v2\/posts\/153807\/revisions"}],"predecessor-version":[{"id":153816,"href":"https:\/\/elluchador.info\/index.php?rest_route=\/wp\/v2\/posts\/153807\/revisions\/153816"}],"wp:featuredmedia":[{"embeddable":true,"href":"https:\/\/elluchador.info\/index.php?rest_route=\/wp\/v2\/media\/153814"}],"wp:attachment":[{"href":"https:\/\/elluchador.info\/index.php?rest_route=%2Fwp%2Fv2%2Fmedia&parent=153807"}],"wp:term":[{"taxonomy":"category","embeddable":true,"href":"https:\/\/elluchador.info\/index.php?rest_route=%2Fwp%2Fv2%2Fcategories&post=153807"},{"taxonomy":"post_tag","embeddable":true,"href":"https:\/\/elluchador.info\/index.php?rest_route=%2Fwp%2Fv2%2Ftags&post=153807"}],"curies":[{"name":"wp","href":"https:\/\/api.w.org\/{rel}","templated":true}]}}