{"id":153937,"date":"2019-11-30T11:21:26","date_gmt":"2019-11-30T15:21:26","guid":{"rendered":"https:\/\/elluchador.info\/web\/?p=153937"},"modified":"2019-11-30T10:27:13","modified_gmt":"2019-11-30T14:27:13","slug":"maduro-ordeno-a-la-fanb-estar-alerta-en-la-frontera-por-ataques-desde-colombia","status":"publish","type":"post","link":"https:\/\/elluchador.info\/?p=153937","title":{"rendered":"Maduro orden\u00f3 a la Fanb estar \u201calerta\u201d en la frontera por ataques desde Colombia"},"content":{"rendered":"\n<p>El presidente de la Rep\u00fablica,\nNicol\u00e1s Maduro, denunci\u00f3 este viernes 29 de noviembre que el gobierno del\nmandatario colombiano, Iv\u00e1n Duque, prepara \u201cataques\u201d para provocar y se dar\u00edan\nen la frontera.<\/p>\n\n\n\n<p>\u201cTengo informaci\u00f3n de que el\nGobierno colombiano y el Comando Sur est\u00e1n pensando en actos de provocaci\u00f3n en\nla frontera colombo-venezolana para tratar de desviar la atenci\u00f3n del\nalzamiento popular contra Iv\u00e1n Duque\u201d, alert\u00f3 el Mandatario nacional.<\/p>\n\n\n\n<p>\u201cLa Fuerza Armada Nacional\nBolivariana debe estar en situaci\u00f3n de alerta y vigilancia. Como Comandante en\nJefe les digo prep\u00e1rense para defender la paz y la soberan\u00eda de Venezuela ante\nataques que vendr\u00e1n desde Colombia\u201d, indic\u00f3 el Jefe del Estado en la clausura\ndel encuentro nacional de trabajadores ferroviarios desde el estado Bol\u00edvar.<\/p>\n\n\n\n<p>Luego a\u00f1adi\u00f3: \u201cMientras m\u00e1s\npreparados estemos para defender la Patria del imperialismo norteamericano y de\nla oligarqu\u00eda colombiana garantizaremos en Venezuela la paz, la producci\u00f3n y el\nprogreso\u201d.<\/p>\n\n\n\n<p>En el acto, el Presidente\nautoriz\u00f3 la entrega de 13.000 fusiles para los cuerpos combatientes del pa\u00eds.\nEn este sentido, instruy\u00f3 a avanzar en la organizaci\u00f3n de la clase obrera como\nparte de la Milicia Bolivariana.<\/p>\n\n\n\n<p>El Mandatario adelant\u00f3 la\nnecesidad de que los Consejos Productivos de Trabajadores (CPT) en todas las\nempresas estatales y organismos oficiales sean totalmente eficientes para\ngenerar riquezas.<\/p>\n\n\n\n<p>\u201cPor eso producir riqueza es\nproducir y producir de manera sostenida. Es la l\u00ednea de los CPT. Se llaman\nConsejos Productivos porque el objetivo de una f\u00e1brica, de una unidad\nproductiva, es producir riquezas, bienes, organizarse de manera justa,\ncient\u00edfica, t\u00e9cnica, para producir mejor y m\u00e1s, con mayor nivel de eficiencia\nfinanciera y econ\u00f3mica, sin explotar al trabajador\u201d, expres\u00f3 Maduro.<\/p>\n\n\n\n<p>Tarjeta inteligente para el Metro<\/p>\n\n\n\n<p>El ministro Abreu mostr\u00f3 los\ndiversos m\u00f3dulos t\u00e9cnicos en los que se fabrican los componentes necesarios\npara el servicio del Metro, cuyos repuestos importados est\u00e1n bloqueados por la\npersecuci\u00f3n financiera del r\u00e9gimen imperial norteamericano.<\/p>\n\n\n\n<p>Se han desarrollado actividades\nde apropiaci\u00f3n tecnol\u00f3gica que han permitido ahorrar en una primera fase hasta\nun mill\u00f3n de euros en partes elaboradas en Venezuela.<\/p>\n\n\n\n<p>\u201cHemos logrado desarrollo en\nconstrucci\u00f3n, reparaci\u00f3n e incluso de nuevas piezas a trav\u00e9s de sustituci\u00f3n de\nimportaciones\u201d, inform\u00f3 Abreu.<\/p>\n\n\n\n<p>Tambi\u00e9n dio una primicia: mostr\u00f3\nlas tarjetas magn\u00e9ticas y equipos que utilizar\u00e1n en el a\u00f1o 2020 en el Metro de\nCaracas para el cobro automatizado. Adelant\u00f3 que se trabaja en un proyecto para\nincorporar un \u201csticker\u201d para que los pasajeros cancelen el boleto a trav\u00e9s del\ncarnet de la patria. (Panorama)<\/p>\n","protected":false},"excerpt":{"rendered":"<p>El presidente de la Rep\u00fablica, Nicol\u00e1s Maduro, denunci\u00f3 este viernes 29 de noviembre que el gobierno del mandatario colombiano, Iv\u00e1n Duque, prepara \u201cataques\u201d para provocar y se dar\u00edan en la frontera. \u201cTengo informaci\u00f3n de que el Gobierno colombiano y el Comando Sur est\u00e1n pensando en actos de provocaci\u00f3n en la frontera colombo-venezolana para tratar de [&hellip;]<\/p>\n","protected":false},"author":2,"featured_media":153938,"comment_status":"closed","ping_status":"closed","sticky":false,"template":"","format":"standard","meta":{"footnotes":""},"categories":[5,9],"tags":[],"class_list":{"0":"post-153937","1":"post","2":"type-post","3":"status-publish","4":"format-standard","5":"has-post-thumbnail","7":"category-destacado","8":"category-nacionales"},"_links":{"self":[{"href":"https:\/\/elluchador.info\/index.php?rest_route=\/wp\/v2\/posts\/153937","targetHints":{"allow":["GET"]}}],"collection":[{"href":"https:\/\/elluchador.info\/index.php?rest_route=\/wp\/v2\/posts"}],"about":[{"href":"https:\/\/elluchador.info\/index.php?rest_route=\/wp\/v2\/types\/post"}],"author":[{"embeddable":true,"href":"https:\/\/elluchador.info\/index.php?rest_route=\/wp\/v2\/users\/2"}],"replies":[{"embeddable":true,"href":"https:\/\/elluchador.info\/index.php?rest_route=%2Fwp%2Fv2%2Fcomments&post=153937"}],"version-history":[{"count":1,"href":"https:\/\/elluchador.info\/index.php?rest_route=\/wp\/v2\/posts\/153937\/revisions"}],"predecessor-version":[{"id":153939,"href":"https:\/\/elluchador.info\/index.php?rest_route=\/wp\/v2\/posts\/153937\/revisions\/153939"}],"wp:featuredmedia":[{"embeddable":true,"href":"https:\/\/elluchador.info\/index.php?rest_route=\/wp\/v2\/media\/153938"}],"wp:attachment":[{"href":"https:\/\/elluchador.info\/index.php?rest_route=%2Fwp%2Fv2%2Fmedia&parent=153937"}],"wp:term":[{"taxonomy":"category","embeddable":true,"href":"https:\/\/elluchador.info\/index.php?rest_route=%2Fwp%2Fv2%2Fcategories&post=153937"},{"taxonomy":"post_tag","embeddable":true,"href":"https:\/\/elluchador.info\/index.php?rest_route=%2Fwp%2Fv2%2Ftags&post=153937"}],"curies":[{"name":"wp","href":"https:\/\/api.w.org\/{rel}","templated":true}]}}