{"id":153955,"date":"2019-11-30T14:30:22","date_gmt":"2019-11-30T18:30:22","guid":{"rendered":"https:\/\/elluchador.info\/web\/?p=153955"},"modified":"2019-11-30T11:10:31","modified_gmt":"2019-11-30T15:10:31","slug":"renuncia-el-primer-ministro-de-irak","status":"publish","type":"post","link":"https:\/\/elluchador.info\/?p=153955","title":{"rendered":"Renuncia el primer ministro de Irak"},"content":{"rendered":"\n<p>El primer ministro iraqu\u00ed, Adil\nAbdul-Mahdi, anunci\u00f3 hoy que presentar\u00e1 su renuncia despu\u00e9s de que m\u00e1s de 40\npersonas fueran asesinadas por las fuerzas de seguridad en una protesta\ncallejera y tras el llamado del principal cl\u00e9rigo chiita del pa\u00eds para que los\nlegisladores le retiren su apoyo.<\/p>\n\n\n\n<p>Tras el anuncio, miles de\nmanifestantes antigubernamentales que han acampado en la c\u00e9ntrica plaza Tahrir\nde Bagdad durante casi dos meses celebraron con cantos y bailes.<\/p>\n\n\n\n<p>Abdul-Mahdi emiti\u00f3 un comunicado\nen el que dijo que hab\u00eda \u00abescuchado con gran preocupaci\u00f3n\u00bb el serm\u00f3n del Gran\nAyatollah Ali al-Sistani y que tom\u00f3 su decisi\u00f3n luego de o\u00edrlo para \u00abfacilitar\ny acelerar su cumplimiento lo antes posible\u00bb.<\/p>\n\n\n\n<p>\u00abPresentar\u00e9 al Parlamento un\nmemorando oficial renunciando al puesto de primer ministro para que el\nParlamento pueda revisar sus opciones\u00bb, expres\u00f3 Abdul-Mahdi, que ocupaba el\ncargo desde hac\u00eda poco m\u00e1s un a\u00f1o.<\/p>\n\n\n\n<p>Al Sistani dijo que el Parlamento\n\u00abdeber\u00eda reconsiderar sus opciones\u00bb en su serm\u00f3n semanal de los viernes, que\nfue le\u00eddo por un representante suyo en la ciudad santa de Najaf.<\/p>\n\n\n\n<p>Si bien los manifestantes\ncelebraron el anuncio de Abdul-Mahdi, el reclamo de la calle es en contra de\ntoda la clase pol\u00edtica que gobierna Irak desde la ca\u00edda de Saddam Hussein, en\n2003.<\/p>\n\n\n\n<p>\u00abNo nos detendremos con el primer\nministro, tenemos m\u00e1s peleas que dar. Seguiremos adelante hasta que se cumplan\nnuestras demandas\u00bb, asegur\u00f3 a la CNN una mujer que no quiso revelar su\nidentidad por temor a represalias.<\/p>\n\n\n\n<p>Alrededor de 400 personas\nmurieron en la violenta represi\u00f3n que ha habido desde el inicio de las\nprotestas, el 1\u00b0 de octubre, la mayor\u00eda con heridas de munici\u00f3n real o por la\nexplosi\u00f3n de latas de gas lacrim\u00f3geno que las fuerzas de seguridad disparan\ndirecto contra la multitud.<\/p>\n\n\n\n<p>Cuarenta manifestantes murieron\nbaleados ayer en la capital, Bagdad, y en las sure\u00f1as ciudades de Najaf y\nNasiriya, en una escalada que hoy continu\u00f3 en las calles del pa\u00eds.<\/p>\n\n\n\n<p>Otros tres manifestantes murieron\nhoy y ocho resultaron heridos en Nasiriya cuando intentaron acceder al centro\nde la ciudad para reanudar su protesta, informaron fuentes de Seguridad y de\nSalud.<\/p>\n\n\n\n<p>Al Sistani hab\u00eda llamado a los\nactivistas a distinguir entre los manifestantes pac\u00edficos y aquellos que solo\nbuscan generar violencia, despu\u00e9s de que el mi\u00e9rcoles un grupo de personas\nincendiara el consulado de Ir\u00e1n en Najaf.<\/p>\n\n\n\n<p>Funcionarios gubernamentales han\ndeclarado que el ataque al consulado iran\u00ed fue perpetrado por saboteadores\nexternos al movimiento ciudadano.<\/p>\n\n\n\n<p>Los manifestantes piden un cambio\ndel gobierno que consideran corrupto y responsable de la mala gesti\u00f3n de los\nrecursos y problemas econ\u00f3micos del pa\u00eds, sobre todo en el sur rico en petr\u00f3leo\ndonde la poblaci\u00f3n no se beneficia del oro negro.<\/p>\n\n\n\n<p>Abdul-Mahdi, de 77 a\u00f1os, ex\nministro de petr\u00f3leo y finanzas y ex vicepresidente, fue visto como un pol\u00edtico\nindependiente cuando asumi\u00f3 el cargo en octubre de 2018 y es el primer primer\nministro iraqu\u00ed que no pertenece al partido pol\u00edtico Dawa en 12 a\u00f1os.<\/p>\n\n\n\n<p>En su primer d\u00eda de mandato,\ntraslad\u00f3 sus oficinas afuera de la zona verde fortificada en las que est\u00e1n\ntodas las sedes del gobierno y embajadas con el objetivo de acercarse a la\nciudadan\u00eda.<\/p>\n\n\n\n<p>Pero en seguida se choc\u00f3 de\nfrente con el desaf\u00edo de bajar el alto desempleo, eliminar la corrupci\u00f3n y\nmejorar unos servicios p\u00fablicos en ruinas.<\/p>\n\n\n\n<p>Los manifestantes tambi\u00e9n le\nreprochan la creciente influencia de Ir\u00e1n en el pa\u00eds, despu\u00e9s de que Washington\nredujo el n\u00famero de militares en el terreno. (UN)<\/p>\n","protected":false},"excerpt":{"rendered":"<p>El primer ministro iraqu\u00ed, Adil Abdul-Mahdi, anunci\u00f3 hoy que presentar\u00e1 su renuncia despu\u00e9s de que m\u00e1s de 40 personas fueran asesinadas por las fuerzas de seguridad en una protesta callejera y tras el llamado del principal cl\u00e9rigo chiita del pa\u00eds para que los legisladores le retiren su apoyo. Tras el anuncio, miles de manifestantes antigubernamentales [&hellip;]<\/p>\n","protected":false},"author":2,"featured_media":153956,"comment_status":"closed","ping_status":"closed","sticky":false,"template":"","format":"standard","meta":{"footnotes":""},"categories":[8],"tags":[],"class_list":{"0":"post-153955","1":"post","2":"type-post","3":"status-publish","4":"format-standard","5":"has-post-thumbnail","7":"category-internacionales"},"_links":{"self":[{"href":"https:\/\/elluchador.info\/index.php?rest_route=\/wp\/v2\/posts\/153955","targetHints":{"allow":["GET"]}}],"collection":[{"href":"https:\/\/elluchador.info\/index.php?rest_route=\/wp\/v2\/posts"}],"about":[{"href":"https:\/\/elluchador.info\/index.php?rest_route=\/wp\/v2\/types\/post"}],"author":[{"embeddable":true,"href":"https:\/\/elluchador.info\/index.php?rest_route=\/wp\/v2\/users\/2"}],"replies":[{"embeddable":true,"href":"https:\/\/elluchador.info\/index.php?rest_route=%2Fwp%2Fv2%2Fcomments&post=153955"}],"version-history":[{"count":1,"href":"https:\/\/elluchador.info\/index.php?rest_route=\/wp\/v2\/posts\/153955\/revisions"}],"predecessor-version":[{"id":153957,"href":"https:\/\/elluchador.info\/index.php?rest_route=\/wp\/v2\/posts\/153955\/revisions\/153957"}],"wp:featuredmedia":[{"embeddable":true,"href":"https:\/\/elluchador.info\/index.php?rest_route=\/wp\/v2\/media\/153956"}],"wp:attachment":[{"href":"https:\/\/elluchador.info\/index.php?rest_route=%2Fwp%2Fv2%2Fmedia&parent=153955"}],"wp:term":[{"taxonomy":"category","embeddable":true,"href":"https:\/\/elluchador.info\/index.php?rest_route=%2Fwp%2Fv2%2Fcategories&post=153955"},{"taxonomy":"post_tag","embeddable":true,"href":"https:\/\/elluchador.info\/index.php?rest_route=%2Fwp%2Fv2%2Ftags&post=153955"}],"curies":[{"name":"wp","href":"https:\/\/api.w.org\/{rel}","templated":true}]}}