{"id":153961,"date":"2019-11-30T15:00:47","date_gmt":"2019-11-30T19:00:47","guid":{"rendered":"https:\/\/elluchador.info\/web\/?p=153961"},"modified":"2019-11-30T11:17:32","modified_gmt":"2019-11-30T15:17:32","slug":"revocaron-orden-de-prision-contra-expresidente-paraguayo-cartes","status":"publish","type":"post","link":"https:\/\/elluchador.info\/?p=153961","title":{"rendered":"Revocaron orden de prisi\u00f3n contra expresidente paraguayo Cartes"},"content":{"rendered":"\n<p>Un ministro del Tribunal Superior de Justicia de Brasil acept\u00f3 el viernes revocar la orden de prisi\u00f3n preventiva contra el expresidente de Paraguay Horacio Cartes, dictada en el marco de una investigaci\u00f3n vinculada al caso \u201cLava Jato\u201d.<\/p>\n\n\n\n<p>El tribunal confirm\u00f3 que el ministro Rog\u00e9rio Schietti Cruz concedi\u00f3 un habeas corpus a favor del exmandatario, que gobern\u00f3 Paraguay entre 2013 y 2018, d\u00edas despu\u00e9s de que un tribunal de R\u00edo de Janeiro dictara la orden de prisi\u00f3n preventiva en su contra.<\/p>\n\n\n\n<p>Seg\u00fan la investigaci\u00f3n, existen sospechas de que Cartes ayud\u00f3 al cambista Dar\u00edo Messer -una figura de alto perfil en el caso \u201cLava Jato\u201d- a permanecer pr\u00f3fugo en Paraguay antes de ser apresado en julio de este a\u00f1o en Sao Paulo y de que ambos ser\u00edan socios en el pa\u00eds vecino, rese\u00f1a Infobae.<\/p>\n\n\n\n<p>La decisi\u00f3n completa del ministro de revocar el arresto de Cartes no fue divulgada. El expresidente se encuentra en Paraguay y d\u00edas atr\u00e1s present\u00f3 una nota a la fiscal\u00eda en la que ped\u00eda ser investigado en su pa\u00eds.<\/p>\n\n\n\n<p>Cartes, de 63 a\u00f1os, es considerado uno de los hombres m\u00e1s ricos de Paraguay, donde tiene gran influencia pol\u00edtica. Durante su mandato realiz\u00f3 importantes cambios en el poder judicial, incluyendo el nombramiento de la actual Fiscal General. (UN)<br><\/p>\n","protected":false},"excerpt":{"rendered":"<p>Un ministro del Tribunal Superior de Justicia de Brasil acept\u00f3 el viernes revocar la orden de prisi\u00f3n preventiva contra el expresidente de Paraguay Horacio Cartes, dictada en el marco de una investigaci\u00f3n vinculada al caso \u201cLava Jato\u201d. El tribunal confirm\u00f3 que el ministro Rog\u00e9rio Schietti Cruz concedi\u00f3 un habeas corpus a favor del exmandatario, que [&hellip;]<\/p>\n","protected":false},"author":2,"featured_media":153962,"comment_status":"closed","ping_status":"closed","sticky":false,"template":"","format":"standard","meta":{"footnotes":""},"categories":[8],"tags":[],"class_list":{"0":"post-153961","1":"post","2":"type-post","3":"status-publish","4":"format-standard","5":"has-post-thumbnail","7":"category-internacionales"},"_links":{"self":[{"href":"https:\/\/elluchador.info\/index.php?rest_route=\/wp\/v2\/posts\/153961","targetHints":{"allow":["GET"]}}],"collection":[{"href":"https:\/\/elluchador.info\/index.php?rest_route=\/wp\/v2\/posts"}],"about":[{"href":"https:\/\/elluchador.info\/index.php?rest_route=\/wp\/v2\/types\/post"}],"author":[{"embeddable":true,"href":"https:\/\/elluchador.info\/index.php?rest_route=\/wp\/v2\/users\/2"}],"replies":[{"embeddable":true,"href":"https:\/\/elluchador.info\/index.php?rest_route=%2Fwp%2Fv2%2Fcomments&post=153961"}],"version-history":[{"count":1,"href":"https:\/\/elluchador.info\/index.php?rest_route=\/wp\/v2\/posts\/153961\/revisions"}],"predecessor-version":[{"id":153963,"href":"https:\/\/elluchador.info\/index.php?rest_route=\/wp\/v2\/posts\/153961\/revisions\/153963"}],"wp:featuredmedia":[{"embeddable":true,"href":"https:\/\/elluchador.info\/index.php?rest_route=\/wp\/v2\/media\/153962"}],"wp:attachment":[{"href":"https:\/\/elluchador.info\/index.php?rest_route=%2Fwp%2Fv2%2Fmedia&parent=153961"}],"wp:term":[{"taxonomy":"category","embeddable":true,"href":"https:\/\/elluchador.info\/index.php?rest_route=%2Fwp%2Fv2%2Fcategories&post=153961"},{"taxonomy":"post_tag","embeddable":true,"href":"https:\/\/elluchador.info\/index.php?rest_route=%2Fwp%2Fv2%2Ftags&post=153961"}],"curies":[{"name":"wp","href":"https:\/\/api.w.org\/{rel}","templated":true}]}}