{"id":155199,"date":"2019-12-08T06:00:51","date_gmt":"2019-12-08T10:00:51","guid":{"rendered":"https:\/\/elluchador.info\/web\/?p=155199"},"modified":"2019-12-07T11:19:11","modified_gmt":"2019-12-07T15:19:11","slug":"mesa-de-dialogo-acordara-liberacion-de-mas-personas-este-ano","status":"publish","type":"post","link":"https:\/\/elluchador.info\/?p=155199","title":{"rendered":"Mesa de Di\u00e1logo acordar\u00e1 liberaci\u00f3n de m\u00e1s personas este a\u00f1o"},"content":{"rendered":"\n<p>El jefe del Bloque Parlamentario de la Patria en la Asamblea Nacional (AN),&nbsp;Francisco Torrealba, asegur\u00f3 este viernes que a trav\u00e9s de la Mesa de Di\u00e1logo Nacional se est\u00e1 planteando al liberaci\u00f3n de otro grupo de personas que est\u00e1n privados de libertad.<\/p>\n\n\n\n<p>A trav\u00e9s de una entrevista televisiva, asegur\u00f3, \u201cest\u00e1 previsto que incluso este a\u00f1o se den otras liberaciones, tras los acuerdos\u201d.<\/p>\n\n\n\n<p>Resalt\u00f3 que durante la gira que realiz\u00f3 un grupo de parlamentarios por Europa se aprovech\u00f3 de transmitir la verdad que los grandes medios ocultan sobre Venezuela.<\/p>\n\n\n\n<p>\u201cFuimos incluso a llevarle al papa Francisco una carta, dej\u00e1ndole ver que sus oraciones por la paz se est\u00e1n cumpliendo, pues los acuerdos del di\u00e1logo est\u00e1n dando resultados\u201d, dijo.<\/p>\n\n\n\n<p>Agreg\u00f3 que uno de esos resultados es la realizaci\u00f3n de elecciones paramentarias en enero, \u201cya hay diputados diciendo que as\u00ed se cambien el CNE no van a votar, porque hay un sector de la oposici\u00f3n que es el que manda y que solo quiere seguir recibiendo recursos, hicieron de eso un negocio\u201d.(UN)<br><\/p>\n","protected":false},"excerpt":{"rendered":"<p>El jefe del Bloque Parlamentario de la Patria en la Asamblea Nacional (AN),&nbsp;Francisco Torrealba, asegur\u00f3 este viernes que a trav\u00e9s de la Mesa de Di\u00e1logo Nacional se est\u00e1 planteando al liberaci\u00f3n de otro grupo de personas que est\u00e1n privados de libertad. A trav\u00e9s de una entrevista televisiva, asegur\u00f3, \u201cest\u00e1 previsto que incluso este a\u00f1o se [&hellip;]<\/p>\n","protected":false},"author":2,"featured_media":155200,"comment_status":"closed","ping_status":"closed","sticky":false,"template":"","format":"standard","meta":{"footnotes":""},"categories":[5,9],"tags":[],"class_list":{"0":"post-155199","1":"post","2":"type-post","3":"status-publish","4":"format-standard","5":"has-post-thumbnail","7":"category-destacado","8":"category-nacionales"},"_links":{"self":[{"href":"https:\/\/elluchador.info\/index.php?rest_route=\/wp\/v2\/posts\/155199","targetHints":{"allow":["GET"]}}],"collection":[{"href":"https:\/\/elluchador.info\/index.php?rest_route=\/wp\/v2\/posts"}],"about":[{"href":"https:\/\/elluchador.info\/index.php?rest_route=\/wp\/v2\/types\/post"}],"author":[{"embeddable":true,"href":"https:\/\/elluchador.info\/index.php?rest_route=\/wp\/v2\/users\/2"}],"replies":[{"embeddable":true,"href":"https:\/\/elluchador.info\/index.php?rest_route=%2Fwp%2Fv2%2Fcomments&post=155199"}],"version-history":[{"count":1,"href":"https:\/\/elluchador.info\/index.php?rest_route=\/wp\/v2\/posts\/155199\/revisions"}],"predecessor-version":[{"id":155201,"href":"https:\/\/elluchador.info\/index.php?rest_route=\/wp\/v2\/posts\/155199\/revisions\/155201"}],"wp:featuredmedia":[{"embeddable":true,"href":"https:\/\/elluchador.info\/index.php?rest_route=\/wp\/v2\/media\/155200"}],"wp:attachment":[{"href":"https:\/\/elluchador.info\/index.php?rest_route=%2Fwp%2Fv2%2Fmedia&parent=155199"}],"wp:term":[{"taxonomy":"category","embeddable":true,"href":"https:\/\/elluchador.info\/index.php?rest_route=%2Fwp%2Fv2%2Fcategories&post=155199"},{"taxonomy":"post_tag","embeddable":true,"href":"https:\/\/elluchador.info\/index.php?rest_route=%2Fwp%2Fv2%2Ftags&post=155199"}],"curies":[{"name":"wp","href":"https:\/\/api.w.org\/{rel}","templated":true}]}}