{"id":155270,"date":"2019-12-08T19:45:48","date_gmt":"2019-12-08T23:45:48","guid":{"rendered":"https:\/\/elluchador.info\/web\/?p=155270"},"modified":"2019-12-08T10:53:46","modified_gmt":"2019-12-08T14:53:46","slug":"evo-morales-elegido-jefe-de-campana-del-mas-para-elecciones-de-2020","status":"publish","type":"post","link":"https:\/\/elluchador.info\/?p=155270","title":{"rendered":"Evo Morales elegido jefe de campa\u00f1a del MAS para elecciones de 2020"},"content":{"rendered":"\n<p>El l\u00edder ind\u00edgena, Evo Morales,\nfue elegido este s\u00e1bado como jefe de campa\u00f1a del Movimiento Al Socialismo (MAS)\npara los comicios que se celebrar\u00e1n en Bolivia el pr\u00f3ximo a\u00f1o, rese\u00f1a AVN.<\/p>\n\n\n\n<p>De acuerdo con una nota de Prensa\nLatina, la decisi\u00f3n se tom\u00f3 durante el Congreso de la organizaci\u00f3n pol\u00edtico,\nquienes definir\u00e1n el binomio presidencial que represente al partido en los\ncomicios generales, tras la prohibici\u00f3n impuesta por el gobierno de facto de\nlas postulaciones de Morales \u2013 quien renunci\u00f3 el pasado 10 de noviembre tras el\ngolpe de Estado consumado en su contra \u2013 y del vicepresidente \u00c1lvaro Garc\u00eda\nLinera, quien tambi\u00e9n renunci\u00f3.<\/p>\n\n\n\n<p>Tras darse a conocer la noticias,\nMorales \u2013 quien se encontraba en M\u00e9xico bajo la figura de asilado pol\u00edtico \u2013\nagradeci\u00f3 la proclamaci\u00f3n, as\u00ed como destac\u00f3 la unidad de los movimientos\nind\u00edgenas, quienes se mantienen firme en rechazo al Gobierno de facto,\nencabezado por la autoproclamada \u201cpresidente interina\u201d Jeanine \u00c1\u00f1ez; a pesar de\nlas represiones de las fuerzas de seguridad del Estado.<\/p>\n\n\n\n<p>\u201cHermanas y hermanos su unidad,\nenerg\u00eda y fuerza me emociona. Volver\u00e9 y volveremos millones pronto al gobierno\ncon nuestra Revoluci\u00f3n Democr\u00e1tica y Cultural \u00a1Ahora es cuando! \u00a1Jichapi\nJichaxa! \u00a1Kunanma kunank\u2019a!\u201d, escribi\u00f3 Morales en su cuenta en la red social\nTwitter.<\/p>\n\n\n\n<p>Tras la renuncia de Morales, el\npueblo boliviano se ha mantenido en las calles manifestando el rechazo y\nexigiendo la renuncia del gobierno de facto, as\u00ed como el restablecimiento del\norden constitucional en el pa\u00eds. (UN)<\/p>\n","protected":false},"excerpt":{"rendered":"<p>El l\u00edder ind\u00edgena, Evo Morales, fue elegido este s\u00e1bado como jefe de campa\u00f1a del Movimiento Al Socialismo (MAS) para los comicios que se celebrar\u00e1n en Bolivia el pr\u00f3ximo a\u00f1o, rese\u00f1a AVN. De acuerdo con una nota de Prensa Latina, la decisi\u00f3n se tom\u00f3 durante el Congreso de la organizaci\u00f3n pol\u00edtico, quienes definir\u00e1n el binomio presidencial [&hellip;]<\/p>\n","protected":false},"author":2,"featured_media":155271,"comment_status":"closed","ping_status":"closed","sticky":false,"template":"","format":"standard","meta":{"footnotes":""},"categories":[8],"tags":[],"class_list":{"0":"post-155270","1":"post","2":"type-post","3":"status-publish","4":"format-standard","5":"has-post-thumbnail","7":"category-internacionales"},"_links":{"self":[{"href":"https:\/\/elluchador.info\/index.php?rest_route=\/wp\/v2\/posts\/155270","targetHints":{"allow":["GET"]}}],"collection":[{"href":"https:\/\/elluchador.info\/index.php?rest_route=\/wp\/v2\/posts"}],"about":[{"href":"https:\/\/elluchador.info\/index.php?rest_route=\/wp\/v2\/types\/post"}],"author":[{"embeddable":true,"href":"https:\/\/elluchador.info\/index.php?rest_route=\/wp\/v2\/users\/2"}],"replies":[{"embeddable":true,"href":"https:\/\/elluchador.info\/index.php?rest_route=%2Fwp%2Fv2%2Fcomments&post=155270"}],"version-history":[{"count":1,"href":"https:\/\/elluchador.info\/index.php?rest_route=\/wp\/v2\/posts\/155270\/revisions"}],"predecessor-version":[{"id":155272,"href":"https:\/\/elluchador.info\/index.php?rest_route=\/wp\/v2\/posts\/155270\/revisions\/155272"}],"wp:featuredmedia":[{"embeddable":true,"href":"https:\/\/elluchador.info\/index.php?rest_route=\/wp\/v2\/media\/155271"}],"wp:attachment":[{"href":"https:\/\/elluchador.info\/index.php?rest_route=%2Fwp%2Fv2%2Fmedia&parent=155270"}],"wp:term":[{"taxonomy":"category","embeddable":true,"href":"https:\/\/elluchador.info\/index.php?rest_route=%2Fwp%2Fv2%2Fcategories&post=155270"},{"taxonomy":"post_tag","embeddable":true,"href":"https:\/\/elluchador.info\/index.php?rest_route=%2Fwp%2Fv2%2Ftags&post=155270"}],"curies":[{"name":"wp","href":"https:\/\/api.w.org\/{rel}","templated":true}]}}