{"id":155466,"date":"2019-12-10T10:36:36","date_gmt":"2019-12-10T14:36:36","guid":{"rendered":"https:\/\/elluchador.info\/web\/?p=155466"},"modified":"2019-12-10T10:26:25","modified_gmt":"2019-12-10T14:26:25","slug":"guaido-logramos-con-exito-la-salida-de-los-militares-en-la-embajada-de-panama","status":"publish","type":"post","link":"https:\/\/elluchador.info\/?p=155466","title":{"rendered":"Guaid\u00f3: Logramos con \u00e9xito la salida de los militares en la embajada de Panam\u00e1"},"content":{"rendered":"\n<p>El presidente de la Asamblea Nacional y l\u00edder la oposici\u00f3n, Juan Guaid\u00f3, calific\u00f3 como un \u201c\u00e9xito\u201d la salida de los 16 militares que se encontraban en la embajada de Panam\u00e1 desde el 30 de abril, cuando el diputado lider\u00f3 una rebeli\u00f3n contra Nicol\u00e1s Maduro.<\/p>\n\n\n\n<p>\u201cInformo al pa\u00eds que los militares patriotas del 30 de abril se encuentran en libertad, luego de que logramos con \u00e9xito la salida de los funcionarios que estaban en la Embajada de Panam\u00e1. Siempre protegeremos a quienes se pongan del lado de la Constituci\u00f3n\u201d, expres\u00f3 Guaid\u00f3.<\/p>\n\n\n\n<p>En otro mensaje ratific\u00f3 su compromiso con los militares patriotas venezolanos. Tambi\u00e9n con la lucha por la libertad de aquellos que siguen presos y torturados por el r\u00e9gimen.<\/p>\n\n\n\n<p>\u201cSeguiremos, pueblo de Venezuela, comunidad internacional y los patriotas de nuestra Fuerza Armada, hasta lograr la libertad\u201d, concluy\u00f3.<\/p>\n\n\n\n<p>Los 16 militares que estaban en la sede diplom\u00e1tica se encuentran fuera del pa\u00eds.<\/p>\n\n\n\n<p><strong>Panorama.com<\/strong><\/p>\n\n\n\n<h1 class=\"wp-block-heading\"><\/h1>\n","protected":false},"excerpt":{"rendered":"<p>El presidente de la Asamblea Nacional y l\u00edder la oposici\u00f3n, Juan Guaid\u00f3, calific\u00f3 como un \u201c\u00e9xito\u201d la salida de los 16 militares que se encontraban en la embajada de Panam\u00e1 desde el 30 de abril, cuando el diputado lider\u00f3 una rebeli\u00f3n contra Nicol\u00e1s Maduro. \u201cInformo al pa\u00eds que los militares patriotas del 30 de abril [&hellip;]<\/p>\n","protected":false},"author":2,"featured_media":155467,"comment_status":"closed","ping_status":"closed","sticky":false,"template":"","format":"standard","meta":{"footnotes":""},"categories":[5,9],"tags":[],"class_list":{"0":"post-155466","1":"post","2":"type-post","3":"status-publish","4":"format-standard","5":"has-post-thumbnail","7":"category-destacado","8":"category-nacionales"},"_links":{"self":[{"href":"https:\/\/elluchador.info\/index.php?rest_route=\/wp\/v2\/posts\/155466","targetHints":{"allow":["GET"]}}],"collection":[{"href":"https:\/\/elluchador.info\/index.php?rest_route=\/wp\/v2\/posts"}],"about":[{"href":"https:\/\/elluchador.info\/index.php?rest_route=\/wp\/v2\/types\/post"}],"author":[{"embeddable":true,"href":"https:\/\/elluchador.info\/index.php?rest_route=\/wp\/v2\/users\/2"}],"replies":[{"embeddable":true,"href":"https:\/\/elluchador.info\/index.php?rest_route=%2Fwp%2Fv2%2Fcomments&post=155466"}],"version-history":[{"count":1,"href":"https:\/\/elluchador.info\/index.php?rest_route=\/wp\/v2\/posts\/155466\/revisions"}],"predecessor-version":[{"id":155468,"href":"https:\/\/elluchador.info\/index.php?rest_route=\/wp\/v2\/posts\/155466\/revisions\/155468"}],"wp:featuredmedia":[{"embeddable":true,"href":"https:\/\/elluchador.info\/index.php?rest_route=\/wp\/v2\/media\/155467"}],"wp:attachment":[{"href":"https:\/\/elluchador.info\/index.php?rest_route=%2Fwp%2Fv2%2Fmedia&parent=155466"}],"wp:term":[{"taxonomy":"category","embeddable":true,"href":"https:\/\/elluchador.info\/index.php?rest_route=%2Fwp%2Fv2%2Fcategories&post=155466"},{"taxonomy":"post_tag","embeddable":true,"href":"https:\/\/elluchador.info\/index.php?rest_route=%2Fwp%2Fv2%2Ftags&post=155466"}],"curies":[{"name":"wp","href":"https:\/\/api.w.org\/{rel}","templated":true}]}}