{"id":155469,"date":"2019-12-10T10:53:24","date_gmt":"2019-12-10T14:53:24","guid":{"rendered":"https:\/\/elluchador.info\/web\/?p=155469"},"modified":"2019-12-10T10:43:59","modified_gmt":"2019-12-10T14:43:59","slug":"desaparecio-avion-militar-chileno-con-38-personas","status":"publish","type":"post","link":"https:\/\/elluchador.info\/?p=155469","title":{"rendered":"Desapareci\u00f3 avi\u00f3n militar chileno con 38 personas"},"content":{"rendered":"\n<p>\u00a0La Fuerza A\u00e9rea de Chile (FACh)\u00a0declar\u00f3 esta madrugada como \u00absiniestrado\u00bb al avi\u00f3n C130 H\u00e9rcules que desapareci\u00f3 este lunes con 38 personas a bordo rumbo a la Ant\u00e1rtida,\u00a0al haber transcurrido las poco m\u00e1s de siete horas de autonom\u00eda de vuelo que ten\u00eda por carga de combustible sin que se haya podido retomar el contacto radial.<\/p>\n\n\n\n<p>La aeronave, que despeg\u00f3 a las 16:55 horas (19:55 GMT) de la Base A\u00e9rea Chabunco de Punta Arenas (sur) y se dirig\u00eda a la base ant\u00e1rtica chilena Presidente Eduardo Frei Montalva, donde deb\u00eda aterrizar a las 19:17 hora de Santiago de Chile (22:17 GMT),\u00a0ten\u00eda una carga de combustible como para poder volar hasta las 00:40 hora local del martes\u00a0(03:40 GMT).<\/p>\n\n\n\n<p>El contacto radial se perdi\u00f3 a las 18:13 horas (21:13 GMT) del lunes, cuando el avi\u00f3n se encontraba a 700 km de Punta Arenas y a 500 km de su destino en la Ant\u00e1rtida, detall\u00f3 en una conferencia de prensa el director de operaciones de la FACh, el general Francisco Torres.<\/p>\n\n\n\n<p><strong>\u00ab<\/strong>El avi\u00f3n se da por siniestrado porque la autonom\u00eda de vuelo se cumpli\u00f3. A las 00.40 se da por establecido que al avi\u00f3n se le acaba el combustible, por lo tanto este ya no se encuentra volando\u00bb, explic\u00f3 Torres.<\/p>\n\n\n\n<p>La autoridad de la FACh no descart\u00f3 la posibilidad de que el avi\u00f3n haya podido amerizar, ya que se trata de \u00abun procedimiento establecido en todo tipo de aeronaves\u00bb.<\/p>\n\n\n\n<p>La aeronave tiene cuatro motores y puede volar aunque alguno de ellos falle, dijo el general, que agreg\u00f3 que las condiciones meteorol\u00f3gicas eran buenas y est\u00e1n descartadas como causantes del suceso.<\/p>\n\n\n\n<p>Las autoridades declararon el estado de alerta por la p\u00e9rdida de las comunicaciones y activaron medios a\u00e9reos y mar\u00edtimos de la Fuerza A\u00e9rea y de la Armada para la b\u00fasqueda del avi\u00f3n y el potencial rescate de sus pasajeros.<\/p>\n\n\n\n<p>Buques mercantes que se encuentran en la zona tambi\u00e9n han sido llamados a ayudar en la b\u00fasqueda y adem\u00e1s se inform\u00f3 de que la Fuerza A\u00e9rea de Uruguay pondr\u00e1 un H\u00e9rcules a trabajar en estas tareas.<\/p>\n\n\n\n<p>17 TRIPULANTES Y 21 PASAJEROS, 3 DE ELLOS CIVILES<\/p>\n\n\n\n<p>A bordo del C130 H\u00e9rcules, perteneciente al Grupo de Aviaci\u00f3n N\u00b0 10, viajan\u00a038 personas, de las cuales 17 son tripulantes de la aeronave y 21 pasajeros.<\/p>\n\n\n\n<p>La aeronave cumpl\u00eda tareas de apoyo log\u00edstico y trasladaba personal para la revisi\u00f3n del oleoducto flotante de abastecimiento de combustible de la base ant\u00e1rtica chilena Presidente Eduardo Frei Montalva y para realizar tratamiento anticorrosivo de las instalaciones de la zona.<\/p>\n\n\n\n<p>El presidente de Chile, Sebasti\u00e1n Pi\u00f1era; y los ministros de Interior y Defensa, Gonzalo Blumel y Alberto Espina, respectivamente, se dirigieron tras conocer la noticia al puesto de mando de la Base A\u00e9rea de Cerrillos, en la capital chilena, para monitorear la situaci\u00f3n.<\/p>\n\n\n\n<p><strong>Unionradio.net <\/strong><\/p>\n","protected":false},"excerpt":{"rendered":"<p>\u00a0La Fuerza A\u00e9rea de Chile (FACh)\u00a0declar\u00f3 esta madrugada como \u00absiniestrado\u00bb al avi\u00f3n C130 H\u00e9rcules que desapareci\u00f3 este lunes con 38 personas a bordo rumbo a la Ant\u00e1rtida,\u00a0al haber transcurrido las poco m\u00e1s de siete horas de autonom\u00eda de vuelo que ten\u00eda por carga de combustible sin que se haya podido retomar el contacto radial. La [&hellip;]<\/p>\n","protected":false},"author":2,"featured_media":155470,"comment_status":"closed","ping_status":"closed","sticky":false,"template":"","format":"standard","meta":{"footnotes":""},"categories":[5,8],"tags":[],"class_list":{"0":"post-155469","1":"post","2":"type-post","3":"status-publish","4":"format-standard","5":"has-post-thumbnail","7":"category-destacado","8":"category-internacionales"},"_links":{"self":[{"href":"https:\/\/elluchador.info\/index.php?rest_route=\/wp\/v2\/posts\/155469","targetHints":{"allow":["GET"]}}],"collection":[{"href":"https:\/\/elluchador.info\/index.php?rest_route=\/wp\/v2\/posts"}],"about":[{"href":"https:\/\/elluchador.info\/index.php?rest_route=\/wp\/v2\/types\/post"}],"author":[{"embeddable":true,"href":"https:\/\/elluchador.info\/index.php?rest_route=\/wp\/v2\/users\/2"}],"replies":[{"embeddable":true,"href":"https:\/\/elluchador.info\/index.php?rest_route=%2Fwp%2Fv2%2Fcomments&post=155469"}],"version-history":[{"count":1,"href":"https:\/\/elluchador.info\/index.php?rest_route=\/wp\/v2\/posts\/155469\/revisions"}],"predecessor-version":[{"id":155471,"href":"https:\/\/elluchador.info\/index.php?rest_route=\/wp\/v2\/posts\/155469\/revisions\/155471"}],"wp:featuredmedia":[{"embeddable":true,"href":"https:\/\/elluchador.info\/index.php?rest_route=\/wp\/v2\/media\/155470"}],"wp:attachment":[{"href":"https:\/\/elluchador.info\/index.php?rest_route=%2Fwp%2Fv2%2Fmedia&parent=155469"}],"wp:term":[{"taxonomy":"category","embeddable":true,"href":"https:\/\/elluchador.info\/index.php?rest_route=%2Fwp%2Fv2%2Fcategories&post=155469"},{"taxonomy":"post_tag","embeddable":true,"href":"https:\/\/elluchador.info\/index.php?rest_route=%2Fwp%2Fv2%2Ftags&post=155469"}],"curies":[{"name":"wp","href":"https:\/\/api.w.org\/{rel}","templated":true}]}}