{"id":155481,"date":"2019-12-10T13:21:46","date_gmt":"2019-12-10T17:21:46","guid":{"rendered":"https:\/\/elluchador.info\/web\/?p=155481"},"modified":"2019-12-10T12:25:12","modified_gmt":"2019-12-10T16:25:12","slug":"juan-guaido-anuncio-creacion-de-comision-presidencial-para-el-arco-minero","status":"publish","type":"post","link":"https:\/\/elluchador.info\/?p=155481","title":{"rendered":"Juan Guaid\u00f3 anunci\u00f3 creaci\u00f3n de Comisi\u00f3n Presidencial para el Arco Minero"},"content":{"rendered":"\n<p>Juan Guaido, \u00a0anunci\u00f3 este martes la creaci\u00f3n de la\u00a0Comisi\u00f3n Presidencial para el Arco Minero. Esta tendr\u00e1 como objetivo investigar y denunciar nacional e internacionalmente el ecocidio derivado del Arco Minero del Orinoco.<\/p>\n\n\n\n<p>\u201cHe decidido crear la Comisi\u00f3n Presidencial para el Arco Minero, que estar\u00e1 encabezada por\u00a0Am\u00e9rico De Grazia\u201c, anunci\u00f3 en Twitter.\u00a0<\/p>\n\n\n\n<p>Dicha comisi\u00f3n intentar\u00e1 integrar a organizaciones, comunidades ind\u00edgenas e individuos que hayan investigado y denunciado\u00a0el impacto del Arco Minero. Para de esta forma unificar todos los esfuerzos para detener el ecocidio.<\/p>\n\n\n\n<p>El resto de la comisi\u00f3n est\u00e1 integrada por los diputados\u00a0Mauligmer Baloa, \u00c1ngel Medina y Ram\u00f3n Flores.<\/p>\n\n\n\n<p>\u201cEste martes, el comisionado presidencial\u00a0Am\u00e9rico De Grazia\u00a0estar\u00e1 presentando el caso del Arco Minero en la\u00a0Cumbre Mundial del Clima\u00a0que se est\u00e1 celebrando en Madrid\u201d, concluy\u00f3.<\/p>\n\n\n\n<figure class=\"wp-block-embed-twitter wp-block-embed is-type-rich is-provider-twitter\"><div class=\"wp-block-embed__wrapper\">\n<a class=\"twitter-timeline\" data-width=\"696\" data-height=\"1000\" data-dnt=\"true\" href=\"https:\/\/twitter.com\/jguaido?ref_src=twsrc%5Etfw\">Tweets by jguaido<\/a><script async src=\"https:\/\/platform.twitter.com\/widgets.js\" charset=\"utf-8\"><\/script>\n<\/div><\/figure>\n\n\n\n<p><strong>El Nacional<\/strong><\/p>\n","protected":false},"excerpt":{"rendered":"<p>Juan Guaido, \u00a0anunci\u00f3 este martes la creaci\u00f3n de la\u00a0Comisi\u00f3n Presidencial para el Arco Minero. Esta tendr\u00e1 como objetivo investigar y denunciar nacional e internacionalmente el ecocidio derivado del Arco Minero del Orinoco. \u201cHe decidido crear la Comisi\u00f3n Presidencial para el Arco Minero, que estar\u00e1 encabezada por\u00a0Am\u00e9rico De Grazia\u201c, anunci\u00f3 en Twitter.\u00a0 Dicha comisi\u00f3n intentar\u00e1 integrar [&hellip;]<\/p>\n","protected":false},"author":2,"featured_media":155467,"comment_status":"closed","ping_status":"closed","sticky":false,"template":"","format":"standard","meta":{"footnotes":""},"categories":[5,9,11],"tags":[],"class_list":{"0":"post-155481","1":"post","2":"type-post","3":"status-publish","4":"format-standard","5":"has-post-thumbnail","7":"category-destacado","8":"category-nacionales","9":"category-politica"},"_links":{"self":[{"href":"https:\/\/elluchador.info\/index.php?rest_route=\/wp\/v2\/posts\/155481","targetHints":{"allow":["GET"]}}],"collection":[{"href":"https:\/\/elluchador.info\/index.php?rest_route=\/wp\/v2\/posts"}],"about":[{"href":"https:\/\/elluchador.info\/index.php?rest_route=\/wp\/v2\/types\/post"}],"author":[{"embeddable":true,"href":"https:\/\/elluchador.info\/index.php?rest_route=\/wp\/v2\/users\/2"}],"replies":[{"embeddable":true,"href":"https:\/\/elluchador.info\/index.php?rest_route=%2Fwp%2Fv2%2Fcomments&post=155481"}],"version-history":[{"count":1,"href":"https:\/\/elluchador.info\/index.php?rest_route=\/wp\/v2\/posts\/155481\/revisions"}],"predecessor-version":[{"id":155482,"href":"https:\/\/elluchador.info\/index.php?rest_route=\/wp\/v2\/posts\/155481\/revisions\/155482"}],"wp:featuredmedia":[{"embeddable":true,"href":"https:\/\/elluchador.info\/index.php?rest_route=\/wp\/v2\/media\/155467"}],"wp:attachment":[{"href":"https:\/\/elluchador.info\/index.php?rest_route=%2Fwp%2Fv2%2Fmedia&parent=155481"}],"wp:term":[{"taxonomy":"category","embeddable":true,"href":"https:\/\/elluchador.info\/index.php?rest_route=%2Fwp%2Fv2%2Fcategories&post=155481"},{"taxonomy":"post_tag","embeddable":true,"href":"https:\/\/elluchador.info\/index.php?rest_route=%2Fwp%2Fv2%2Ftags&post=155481"}],"curies":[{"name":"wp","href":"https:\/\/api.w.org\/{rel}","templated":true}]}}