{"id":155483,"date":"2019-12-10T13:35:26","date_gmt":"2019-12-10T17:35:26","guid":{"rendered":"https:\/\/elluchador.info\/web\/?p=155483"},"modified":"2019-12-10T12:41:55","modified_gmt":"2019-12-10T16:41:55","slug":"fernandez-retrocedimos-mas-de-diez-anos-en-el-indice-de-la-pobreza","status":"publish","type":"post","link":"https:\/\/elluchador.info\/?p=155483","title":{"rendered":"Fern\u00e1ndez: Retrocedimos m\u00e1s de diez a\u00f1os en el \u00edndice de la pobreza"},"content":{"rendered":"\n<p>El peronista Alberto Fern\u00e1ndez jur\u00f3 este martes el cargo de jefe de Estado de Argentina en una ceremonia en el Congreso de la Naci\u00f3n, en Buenos Aires, ante autoridades del Estado y con presencia de varios mandatarios internacionales.<br><br>En la sesi\u00f3n de la Asamblea Legislativa \u2014\u00f3rgano parlamentario que engloba a los senadores y los diputados\u2014, Fern\u00e1ndez recibi\u00f3 de su antecesor, Mauricio Macri, la banda y el bast\u00f3n presidencial y jur\u00f3 el cargo ante la titular saliente del Senado, Gabriela Michetti, antes de que la exmandataria Cristina Fern\u00e1ndez hiciera lo mismo como nueva vicepresidenta del pa\u00eds.<br><br>En medio de c\u00e1nticos de la marcha peronista y entre \u00abpresidente, Alberto presidente\u00bb, el nuevo mandatario y la nueva vicepresidenta juraron desempe\u00f1ar sus cargos con \u00ablealtad y patriotismo\u00bb y \u00abobservar y hacer observar\u00bb el cumplimento de la Constituci\u00f3n.<br><br>Fern\u00e1ndez, que sucede en el cargo a Mauricio Macri, deber\u00e1 enfrentar un complicado escenario econ\u00f3mico marcado por la elevada deuda p\u00fablica, una fr\u00e1gil moneda nacional, la subida constante de los precios y la escalada del desempleo y los niveles de pobreza.<br><br>El presidente lleg\u00f3 al Parlamento, adonde lleg\u00f3 conduciendo su propio autom\u00f3vil desde su apartamento del barrio porte\u00f1o de Puerto Madero.<br><br>Ya dentro y tras la firma de libros de honor accedi\u00f3 junto a Cristina al recinto de la C\u00e1mara de Diputados, donde ambos juraron ante Michetti.<\/p>\n\n\n\n<figure class=\"wp-block-image\"><img decoding=\"async\" src=\"https:\/\/www.panorama.com.ve\/export\/sites\/panorama\/img\/2019\/12\/10\/albertista2.jpg_197163892.jpg\" alt=\"\"\/><figcaption><strong>El bast\u00f3n de mando, s\u00edmbolo del poder en la Argentina, fue transferido por Mauricio Macri, presidente saliente.<\/strong><\/figcaption><\/figure>\n\n\n\n<p><br><br>Una vez que el jefe de Estado pronuncie su mensaje ante los legisladores y las principales autoridades del Estado, as\u00ed como representantes diplom\u00e1ticos e invitados internacionales y personales de la nueva pareja presidencial, los Fern\u00e1ndez se retirar\u00e1n del Congreso y viajar\u00e1n en auto por la avenida de Mayo, que se espera congregar\u00e1 a miles de personas, con destino a la Casa Rosada.<br><br>All\u00ed, en el Sal\u00f3n Blanco, se realizar\u00e1 el saludo a las delegaciones extranjeras en el Sal\u00f3n Blanco y por la tarde el nuevo presidente tomar\u00e1 juramento a los miembros de su Gabinete, en el Museo Casa Rosada.<\/p>\n\n\n\n<figure class=\"wp-block-image\"><img decoding=\"async\" src=\"https:\/\/www.panorama.com.ve\/export\/sites\/panorama\/img\/2019\/12\/10\/albertista3.jpg_199010934.jpg\" alt=\"\"\/><figcaption><strong>El peronismo celebr\u00f3 en las calles su vuelta al poder.<\/strong><br><br>&nbsp;<\/figcaption><\/figure>\n\n\n\n<p><br>Adem\u00e1s, de forma paralela y durante varias horas, en la Plaza de Mayo -donde se ubica la casa de gobierno- se desplegar\u00e1 un festival popular con actuaciones musicales que contar\u00e1 como colof\u00f3n con unas palabras de Fern\u00e1ndez.<br><br>El traspaso presidencial se produjo sin contratiempos, a diferencia de lo que ocurri\u00f3 en 2015, cuando de cara a la investidura de Macri, Cristina Fern\u00e1ndez, entonces presidenta y en medio de fuertes diferencias con su sucesor, opt\u00f3 por no acudir a la ceremonia, por lo que fue el presidente provisional del Senado, Federico Pinedo, el encargado de tomarle juramento al mandatario electo.<br><br>Entre los invitados internacionales a la cita se encuentran el presidente de Cuba, Miguel D\u00edaz-Canel; el de Paraguay, Mario Abdo Ben\u00edtez y el de Uruguay, Tabar\u00e9 V\u00e1zquez, que lleg\u00f3 con el mandatario electo Luis Lacalle Pou, a quien ceder\u00e1 el cargo el 1 de marzo pr\u00f3ximo.<br><br><strong>Panorama<\/strong><\/p>\n","protected":false},"excerpt":{"rendered":"<p>El peronista Alberto Fern\u00e1ndez jur\u00f3 este martes el cargo de jefe de Estado de Argentina en una ceremonia en el Congreso de la Naci\u00f3n, en Buenos Aires, ante autoridades del Estado y con presencia de varios mandatarios internacionales. En la sesi\u00f3n de la Asamblea Legislativa \u2014\u00f3rgano parlamentario que engloba a los senadores y los diputados\u2014, [&hellip;]<\/p>\n","protected":false},"author":2,"featured_media":155484,"comment_status":"closed","ping_status":"closed","sticky":false,"template":"","format":"standard","meta":{"footnotes":""},"categories":[4,8,11],"tags":[],"class_list":{"0":"post-155483","1":"post","2":"type-post","3":"status-publish","4":"format-standard","5":"has-post-thumbnail","7":"category-deportes","8":"category-internacionales","9":"category-politica"},"_links":{"self":[{"href":"https:\/\/elluchador.info\/index.php?rest_route=\/wp\/v2\/posts\/155483","targetHints":{"allow":["GET"]}}],"collection":[{"href":"https:\/\/elluchador.info\/index.php?rest_route=\/wp\/v2\/posts"}],"about":[{"href":"https:\/\/elluchador.info\/index.php?rest_route=\/wp\/v2\/types\/post"}],"author":[{"embeddable":true,"href":"https:\/\/elluchador.info\/index.php?rest_route=\/wp\/v2\/users\/2"}],"replies":[{"embeddable":true,"href":"https:\/\/elluchador.info\/index.php?rest_route=%2Fwp%2Fv2%2Fcomments&post=155483"}],"version-history":[{"count":1,"href":"https:\/\/elluchador.info\/index.php?rest_route=\/wp\/v2\/posts\/155483\/revisions"}],"predecessor-version":[{"id":155485,"href":"https:\/\/elluchador.info\/index.php?rest_route=\/wp\/v2\/posts\/155483\/revisions\/155485"}],"wp:featuredmedia":[{"embeddable":true,"href":"https:\/\/elluchador.info\/index.php?rest_route=\/wp\/v2\/media\/155484"}],"wp:attachment":[{"href":"https:\/\/elluchador.info\/index.php?rest_route=%2Fwp%2Fv2%2Fmedia&parent=155483"}],"wp:term":[{"taxonomy":"category","embeddable":true,"href":"https:\/\/elluchador.info\/index.php?rest_route=%2Fwp%2Fv2%2Fcategories&post=155483"},{"taxonomy":"post_tag","embeddable":true,"href":"https:\/\/elluchador.info\/index.php?rest_route=%2Fwp%2Fv2%2Ftags&post=155483"}],"curies":[{"name":"wp","href":"https:\/\/api.w.org\/{rel}","templated":true}]}}