{"id":155507,"date":"2019-12-10T15:15:52","date_gmt":"2019-12-10T19:15:52","guid":{"rendered":"https:\/\/elluchador.info\/web\/?p=155507"},"modified":"2019-12-10T15:11:00","modified_gmt":"2019-12-10T19:11:00","slug":"camara-de-comercio-celebro-cena-empresarial-anual","status":"publish","type":"post","link":"https:\/\/elluchador.info\/?p=155507","title":{"rendered":"C\u00e1mara de Comercio celebr\u00f3 Cena Empresarial Anual"},"content":{"rendered":"\n<p>El pasado s\u00e1bado, el Sal\u00f3n Angostura del Hotel Laja Real fue el escenario de la Cena Empresarial Anual organizada por la\u00a0 C\u00e1mara de Comercio e Industrias del estado Bol\u00edvar.<\/p>\n\n\n\n<p>El evento cont\u00f3 con la presencia de Carlos Fern\u00e1ndez, Primer&nbsp; Vicepresidente de Fedec\u00e1maras, Felipe Capozzolo, Presidente de Consecomercio, Jos\u00e9 Alfredo Olivo,&nbsp; Presidente de&nbsp; Fedec\u00e1maras Bol\u00edvar, quienes acompa\u00f1aron en el presidio a la presidente de la C\u00e1mara de Comercio, Zulay L\u00f3pez Mesones y a la presidente de la Fundaci\u00f3n Social y Cultural, Marialix G\u00f3mez de Berm\u00fadez. Tambi\u00e9n estuvieron presentes importantes personalidades del mundo empresarial bolivarense as\u00ed como los expresidentes Juan Zakur, Rom\u00e1n Aziz, Austerio Gonz\u00e1lez, Primer vicepresidente de Fedec\u00e1maras Bol\u00edvar y Fernando Cepeda, segundo vicepresidente de Fedec\u00e1maras.<\/p>\n\n\n\n<p>En medio de una noche de mensajes para todos los presentes, L\u00f3pez&nbsp; Mesones afirm\u00f3 que los empresarios tienen el reto de \u201chacer de Venezuela para el 2020 un pa\u00eds rentable, generador de empleos y bienestar para los habitantes. El sector privado est\u00e1 comprometido en continuar apostando por el mejor pa\u00eds del mundo, por su gente. El gremio empresarial blinda a los comerciantes frente a la sociedad venezolana, en su compromiso por ser cada d\u00eda m\u00e1s competitivos e innovadores\u201d, dijo.<\/p>\n\n\n\n<p>Para la dirigente gremial afirm\u00f3 que \u00abse necesitan m\u00e1s empresarios y emprendedores, que apuesten a la econom\u00eda venezolana y bolivarense mostrando sus talentos y explotando las potencialidades de la regi\u00f3n\u201d.<\/p>\n\n\n\n<p>Tambi\u00e9n Jos\u00e9 Alfredo Olivo en su mensaje signific\u00f3 que los gremios apoyan a los nuevos empresarios, apostando al futuro, \u201cHacen falta m\u00e1s empresas, porque salimos del subdesarrollo porque tambi\u00e9n les damos trabajo a nuestra gente. Creo que a pesar de las dificultades,&nbsp; este es un pa\u00eds de oportunidades y seguimos apostando al pa\u00eds\u201d, asegur\u00f3 el l\u00edder empresarial.<\/p>\n\n\n\n<p>Por su parte, Felipe Capozzolo durante su intervenci\u00f3n indic\u00f3 que para el futuro del pa\u00eds los venezolanos deben desarrollar empresas basadas en su creatividad e innovaci\u00f3n, \u201ces lo que nos&nbsp; est\u00e1 haciendo falta en Venezuela, para elevar la competitividad sobre todo en un momento en el cual nuestros procesos de transformaci\u00f3n industrial, para producir y comercializar, se han visto afectados por la recesi\u00f3n&nbsp; y la hiperinflaci\u00f3n\u201d.<\/p>\n\n\n\n<p>Asimismo, Carlos Fern\u00e1ndez, destac\u00f3 que a pesar de las estad\u00edsticas sobre el porvenir econ\u00f3mico del pa\u00eds, cree que eso se pueda recuperar, sin embargo hizo notar la realidad social de los ni\u00f1os de hoy que&nbsp; sufren desnutrici\u00f3n o est\u00e1n malnutridos y ser\u00e1n los adultos dentro de unos a\u00f1os.<\/p>\n\n\n\n<p>\u201cImag\u00ednense cu\u00e1les ser\u00e1n las exigencias del mercado laboral dentro de unos 20 a 25 a\u00f1os, las cuales estar\u00e1n asociadas al mundo digital y tecnol\u00f3gicas\u201d, avizor\u00f3 Fern\u00e1ndez, quien cree que el compromiso de los empresarios est\u00e1 orientado a ser un instrumento de cambio y de transformaci\u00f3n social, \u201ctenemos que tratar de llevar el mayor beneficio a los trabajadores\u201d, se\u00f1al\u00f3.<\/p>\n\n\n\n<p><strong>Reconocimientos<\/strong><\/p>\n\n\n\n<p>La C\u00e1mara de Comercio e Industrias del estado Bol\u00edvar entreg\u00f3 varios reconocimientos como lo son: Galard\u00f3n Giorgio Gianicopulos, Empresario Joven del A\u00f1o, a Alexis Ramone del grupo Rafalevi; Galard\u00f3n Ezio Rampini al Empresario del A\u00f1o, fue entregado a Carlos Alaimo, gerente del Hotel Laja Real&nbsp; y el Galard\u00f3n Pietro Previte a la Empresa del A\u00f1o, resultando ganadora Pollos Dore\u00b4s. Este a\u00f1o, los galardones fueron realizados por el artista cin\u00e9tico Juan Carlos Gonz\u00e1lez.<\/p>\n\n\n\n<p>La Fundaci\u00f3n Social Cultural C\u00e1mara de Comercio&nbsp; entreg\u00f3 dos Galardones, uno que lleva el nombre de la Sra. Vallita de Gener en el \u00e1rea de cultura, el cual le correspondi\u00f3 recibirlo al Maestro Orlando Flores, director del Conservatorio del estado Bol\u00edvar y en el \u00e1rea social recibi\u00f3 el galard\u00f3n&nbsp; de manos de la Sra. Rose Marie Conde de Mares&nbsp; el Dr. Alberto Cabello, destacado onc\u00f3logo de Ciudad Bol\u00edvar y presidente de la Fundaci\u00f3n Oncoamigos, amigo y colaborador de la Fundaci\u00f3n.<\/p>\n\n\n\n<p>Durante el acto, se hizo una entrega por parte del presidente de Consecomercio, Felipe Capozzolo a los directores y expresidentes de la CCIEB del Reconocimiento como C\u00e1mara Regional del A\u00f1o.<\/p>\n\n\n\n<p>La velada estuvo amenizada por la Orquesta Billoman\u00eda de Ra\u00fal Mora, y los animadores de la noche fueron los locutores Maday Calvo y Alberto Nessi.<\/p>\n\n\n\n<p>Prensa CCIEB<\/p>\n","protected":false},"excerpt":{"rendered":"<p>El pasado s\u00e1bado, el Sal\u00f3n Angostura del Hotel Laja Real fue el escenario de la Cena Empresarial Anual organizada por la\u00a0 C\u00e1mara de Comercio e Industrias del estado Bol\u00edvar. El evento cont\u00f3 con la presencia de Carlos Fern\u00e1ndez, Primer&nbsp; Vicepresidente de Fedec\u00e1maras, Felipe Capozzolo, Presidente de Consecomercio, Jos\u00e9 Alfredo Olivo,&nbsp; Presidente de&nbsp; Fedec\u00e1maras Bol\u00edvar, quienes [&hellip;]<\/p>\n","protected":false},"author":2,"featured_media":155522,"comment_status":"closed","ping_status":"closed","sticky":false,"template":"","format":"standard","meta":{"footnotes":""},"categories":[6],"tags":[],"class_list":{"0":"post-155507","1":"post","2":"type-post","3":"status-publish","4":"format-standard","5":"has-post-thumbnail","7":"category-economia"},"_links":{"self":[{"href":"https:\/\/elluchador.info\/index.php?rest_route=\/wp\/v2\/posts\/155507","targetHints":{"allow":["GET"]}}],"collection":[{"href":"https:\/\/elluchador.info\/index.php?rest_route=\/wp\/v2\/posts"}],"about":[{"href":"https:\/\/elluchador.info\/index.php?rest_route=\/wp\/v2\/types\/post"}],"author":[{"embeddable":true,"href":"https:\/\/elluchador.info\/index.php?rest_route=\/wp\/v2\/users\/2"}],"replies":[{"embeddable":true,"href":"https:\/\/elluchador.info\/index.php?rest_route=%2Fwp%2Fv2%2Fcomments&post=155507"}],"version-history":[{"count":1,"href":"https:\/\/elluchador.info\/index.php?rest_route=\/wp\/v2\/posts\/155507\/revisions"}],"predecessor-version":[{"id":155523,"href":"https:\/\/elluchador.info\/index.php?rest_route=\/wp\/v2\/posts\/155507\/revisions\/155523"}],"wp:featuredmedia":[{"embeddable":true,"href":"https:\/\/elluchador.info\/index.php?rest_route=\/wp\/v2\/media\/155522"}],"wp:attachment":[{"href":"https:\/\/elluchador.info\/index.php?rest_route=%2Fwp%2Fv2%2Fmedia&parent=155507"}],"wp:term":[{"taxonomy":"category","embeddable":true,"href":"https:\/\/elluchador.info\/index.php?rest_route=%2Fwp%2Fv2%2Fcategories&post=155507"},{"taxonomy":"post_tag","embeddable":true,"href":"https:\/\/elluchador.info\/index.php?rest_route=%2Fwp%2Fv2%2Ftags&post=155507"}],"curies":[{"name":"wp","href":"https:\/\/api.w.org\/{rel}","templated":true}]}}