{"id":155620,"date":"2019-12-11T12:04:22","date_gmt":"2019-12-11T16:04:22","guid":{"rendered":"https:\/\/elluchador.info\/web\/?p=155620"},"modified":"2019-12-11T11:06:37","modified_gmt":"2019-12-11T15:06:37","slug":"la-activista-ambiental-greta-thunberg-personalidad-del-ano-de-la-revista-time","status":"publish","type":"post","link":"https:\/\/elluchador.info\/?p=155620","title":{"rendered":"La activista ambiental Greta Thunberg, personalidad del a\u00f1o de la revista Time"},"content":{"rendered":"\n<p>La activista ambiental&nbsp;Greta&nbsp;Thunberg, una adolescente sueca de 16 a\u00f1os, fue elegida como la personalidad del a\u00f1o 2019 de la revista Time, anunci\u00f3 la publicaci\u00f3n el mi\u00e9rcoles 11-D, que la coloc\u00f3 en su portada con el t\u00edtulo&nbsp;\u00abEl poder de la juventud\u00bb.<\/p>\n\n\n\n<p>La joven se convirti\u00f3 en la portavoz de una generaci\u00f3n atormentada por la emergencia clim\u00e1tica, atrayendo a millones de personas a su causa, desde que inici\u00f3 una huelga en solitario contra el calentamiento global fuera del Parlamento de Suecia el a\u00f1o pasado.<\/p>\n\n\n\n<figure class=\"wp-block-image\"><img decoding=\"async\" src=\"https:\/\/www.panorama.com.ve\/export\/sites\/panorama\/img\/2019\/12\/11\/greta1.jpg_951454190.jpg\" alt=\"\"\/><\/figure>\n\n\n\n<p>\u201cThunberg no es l\u00edder de ning\u00fan partido&nbsp;pol\u00edtico&nbsp;o grupo de defensa. Ella no es la primera en hacer sonar la alarma sobre la crisis clim\u00e1tica ni la m\u00e1s calificada para solucionarlo. Ella no es cient\u00edfica ni pol\u00edtica. No tiene acceso a las palancas de influencia tradicionales: no es multimillonaria ni princesa, ni una estrella del pop, ni siquiera una adulta. Es una adolescente com\u00fan que, al reunir el coraje para decirle la verdad al poder, se convirti\u00f3 en el \u00edcono de una generaci\u00f3n. Al aclarar un peligro abstracto con indignaci\u00f3n penetrante, Thunberg se convirti\u00f3 en la voz m\u00e1s convincente sobre el tema m\u00e1s importante que enfrenta el planeta\u201d,&nbsp;escribe Time.<\/p>\n\n\n\n<p>Cada a\u00f1o, la revista presenta a la persona, grupo, movimiento o idea m\u00e1s influyente de los 12 meses anteriores. El a\u00f1o pasado, fue \u201cThe Guardians\u201d, un grupo de periodistas que fueron atacados o agredidos por su trabajo.<\/p>\n\n\n\n<p>En 2017, fue \u201cThe Silence Breakers\u201d, el grupo de personas que se presentaron para denunciar la conducta sexual inapropiada. Las personas pasadas del a\u00f1o incluyen a Adolf Hitler, el ayatol\u00e1 Jomeini y Joseph Stalin.<\/p>\n\n\n\n<p>El editor de tiempo Ed Felsenthal dio a conocer la Persona del A\u00f1o en el programa \u201cToday\u201d el mi\u00e9rcoles 11-D.<\/p>\n\n\n\n<p>La lista este a\u00f1o incluy\u00f3 a Donald Trump, Nancy Pelosi, el informante del caso de Ucrania y los manifestantes de Hong Kong.<\/p>\n\n\n\n<p><strong>Panorama<\/strong><\/p>\n","protected":false},"excerpt":{"rendered":"<p>La activista ambiental&nbsp;Greta&nbsp;Thunberg, una adolescente sueca de 16 a\u00f1os, fue elegida como la personalidad del a\u00f1o 2019 de la revista Time, anunci\u00f3 la publicaci\u00f3n el mi\u00e9rcoles 11-D, que la coloc\u00f3 en su portada con el t\u00edtulo&nbsp;\u00abEl poder de la juventud\u00bb. La joven se convirti\u00f3 en la portavoz de una generaci\u00f3n atormentada por la emergencia clim\u00e1tica, [&hellip;]<\/p>\n","protected":false},"author":2,"featured_media":155621,"comment_status":"closed","ping_status":"closed","sticky":false,"template":"","format":"standard","meta":{"footnotes":""},"categories":[8],"tags":[],"class_list":{"0":"post-155620","1":"post","2":"type-post","3":"status-publish","4":"format-standard","5":"has-post-thumbnail","7":"category-internacionales"},"_links":{"self":[{"href":"https:\/\/elluchador.info\/index.php?rest_route=\/wp\/v2\/posts\/155620","targetHints":{"allow":["GET"]}}],"collection":[{"href":"https:\/\/elluchador.info\/index.php?rest_route=\/wp\/v2\/posts"}],"about":[{"href":"https:\/\/elluchador.info\/index.php?rest_route=\/wp\/v2\/types\/post"}],"author":[{"embeddable":true,"href":"https:\/\/elluchador.info\/index.php?rest_route=\/wp\/v2\/users\/2"}],"replies":[{"embeddable":true,"href":"https:\/\/elluchador.info\/index.php?rest_route=%2Fwp%2Fv2%2Fcomments&post=155620"}],"version-history":[{"count":1,"href":"https:\/\/elluchador.info\/index.php?rest_route=\/wp\/v2\/posts\/155620\/revisions"}],"predecessor-version":[{"id":155622,"href":"https:\/\/elluchador.info\/index.php?rest_route=\/wp\/v2\/posts\/155620\/revisions\/155622"}],"wp:featuredmedia":[{"embeddable":true,"href":"https:\/\/elluchador.info\/index.php?rest_route=\/wp\/v2\/media\/155621"}],"wp:attachment":[{"href":"https:\/\/elluchador.info\/index.php?rest_route=%2Fwp%2Fv2%2Fmedia&parent=155620"}],"wp:term":[{"taxonomy":"category","embeddable":true,"href":"https:\/\/elluchador.info\/index.php?rest_route=%2Fwp%2Fv2%2Fcategories&post=155620"},{"taxonomy":"post_tag","embeddable":true,"href":"https:\/\/elluchador.info\/index.php?rest_route=%2Fwp%2Fv2%2Ftags&post=155620"}],"curies":[{"name":"wp","href":"https:\/\/api.w.org\/{rel}","templated":true}]}}