{"id":155686,"date":"2019-12-11T15:39:35","date_gmt":"2019-12-11T19:39:35","guid":{"rendered":"https:\/\/elluchador.info\/web\/?p=155686"},"modified":"2019-12-11T13:45:23","modified_gmt":"2019-12-11T17:45:23","slug":"nacho-compartio-tarde-gaitera-con-zagalines-del-padre-vilchez","status":"publish","type":"post","link":"https:\/\/elluchador.info\/?p=155686","title":{"rendered":"Nacho comparti\u00f3 tarde gaitera con Zagalines del Padre V\u00edlchez"},"content":{"rendered":"\n<p>Una tarde gaitera compartieron los chicos de la agrupaci\u00f3n Zagalines del Padre V\u00edlchez con el cantante Nacho, el martes 10 de diciembre, en un estudio de grabaci\u00f3n de San Francisco.<\/p>\n\n\n\n<p>El artista les regal\u00f3 uniformes, nuevamente, a los jovencitos.<\/p>\n\n\n\n<p>\u00abUno de nuestros tamboreros es hijo de &nbsp;una prima hermana de Nacho y ayer (martes) quiso visitarnos y ver cantar a los integrantes de los Zagalines del padre V\u00edlchez\u00bb, dijo un allegado al conjunto con m\u00e1s de 40 a\u00f1os de trayectoria.<\/p>\n\n\n\n<p>\u00abZagalines es una de las agrupaciones gaiteras de la Fundaci\u00f3n Escuela de la Gaita Monse\u00f1or\u00a0Luis Guillermo V\u00edlchez Soto\u00bb, agreg\u00f3.<\/p>\n\n\n\n<figure class=\"wp-block-embed-youtube wp-block-embed is-type-video is-provider-youtube wp-embed-aspect-16-9 wp-has-aspect-ratio\"><div class=\"wp-block-embed__wrapper\">\n<div class=\"youtube-embed\" data-video_id=\"6nTEOQRlDJU\"><iframe loading=\"lazy\" title=\"Nacho comparti\u00f3 tarde gaitera con Zagalines del Padre V\u00edlchez\" width=\"696\" height=\"392\" src=\"https:\/\/www.youtube.com\/embed\/6nTEOQRlDJU?feature=oembed&#038;enablejsapi=1&#038;enablejsapi=1\" frameborder=\"0\" allow=\"accelerometer; autoplay; clipboard-write; encrypted-media; gyroscope; picture-in-picture; web-share\" referrerpolicy=\"strict-origin-when-cross-origin\" allowfullscreen><\/iframe><\/div>\n<\/div><\/figure>\n\n\n\n<p>En una amena conversaci\u00f3n, Nacho les dijo a los gaiteros que era fiel defensor de la cultura musical venezolana y de los j\u00f3venes dispuestos a enriquecerla.&nbsp;<\/p>\n\n\n\n<p>Les manifest\u00f3: \u00abUstedes son exitosos por el hecho de ser felices, contagien esa alegr\u00eda a las generaciones que vienen\u00bb.&nbsp;<\/p>\n\n\n\n<p>Record\u00f3 el paso reciente de Zagalines por el concurso municipal de la gaita &#8211;en el que presentaron el tema Ese era mi abuelo&#8211; y los invit\u00f3 a seguir &nbsp;compitiendo con el alma y por<strong>diversi\u00f3n.<\/strong><\/p>\n\n\n\n<p><br>\u00abHay que tratar de sacar la mejor versi\u00f3n de &nbsp;nosotros mismos. Les deseo lo mejor; me encant\u00f3 &nbsp;lo que escuch\u00e9\u00bb, manifest\u00f3. \u00abEl \u00e9xito lo ten\u00eda todo aquel que es disciplinado\u00bb, les record\u00f3.<\/p>\n\n\n\n<p>Por \u00faltimo, el artista invit\u00f3 a los marabinos al parrand\u00f3n navide\u00f1o de la iglesia San Alfonso, este 22-D, en el sector Santa Mar\u00eda de la capital zuliana.<\/p>\n\n\n\n<p><strong>Panorama<\/strong><\/p>\n","protected":false},"excerpt":{"rendered":"<p>Una tarde gaitera compartieron los chicos de la agrupaci\u00f3n Zagalines del Padre V\u00edlchez con el cantante Nacho, el martes 10 de diciembre, en un estudio de grabaci\u00f3n de San Francisco. El artista les regal\u00f3 uniformes, nuevamente, a los jovencitos. \u00abUno de nuestros tamboreros es hijo de &nbsp;una prima hermana de Nacho y ayer (martes) quiso [&hellip;]<\/p>\n","protected":false},"author":2,"featured_media":155687,"comment_status":"closed","ping_status":"closed","sticky":false,"template":"","format":"standard","meta":{"footnotes":""},"categories":[5,7],"tags":[],"class_list":{"0":"post-155686","1":"post","2":"type-post","3":"status-publish","4":"format-standard","5":"has-post-thumbnail","7":"category-destacado","8":"category-entretenimiento"},"_links":{"self":[{"href":"https:\/\/elluchador.info\/index.php?rest_route=\/wp\/v2\/posts\/155686","targetHints":{"allow":["GET"]}}],"collection":[{"href":"https:\/\/elluchador.info\/index.php?rest_route=\/wp\/v2\/posts"}],"about":[{"href":"https:\/\/elluchador.info\/index.php?rest_route=\/wp\/v2\/types\/post"}],"author":[{"embeddable":true,"href":"https:\/\/elluchador.info\/index.php?rest_route=\/wp\/v2\/users\/2"}],"replies":[{"embeddable":true,"href":"https:\/\/elluchador.info\/index.php?rest_route=%2Fwp%2Fv2%2Fcomments&post=155686"}],"version-history":[{"count":1,"href":"https:\/\/elluchador.info\/index.php?rest_route=\/wp\/v2\/posts\/155686\/revisions"}],"predecessor-version":[{"id":155688,"href":"https:\/\/elluchador.info\/index.php?rest_route=\/wp\/v2\/posts\/155686\/revisions\/155688"}],"wp:featuredmedia":[{"embeddable":true,"href":"https:\/\/elluchador.info\/index.php?rest_route=\/wp\/v2\/media\/155687"}],"wp:attachment":[{"href":"https:\/\/elluchador.info\/index.php?rest_route=%2Fwp%2Fv2%2Fmedia&parent=155686"}],"wp:term":[{"taxonomy":"category","embeddable":true,"href":"https:\/\/elluchador.info\/index.php?rest_route=%2Fwp%2Fv2%2Fcategories&post=155686"},{"taxonomy":"post_tag","embeddable":true,"href":"https:\/\/elluchador.info\/index.php?rest_route=%2Fwp%2Fv2%2Ftags&post=155686"}],"curies":[{"name":"wp","href":"https:\/\/api.w.org\/{rel}","templated":true}]}}