{"id":155737,"date":"2019-12-12T05:47:12","date_gmt":"2019-12-12T09:47:12","guid":{"rendered":"https:\/\/elluchador.info\/web\/?p=155737"},"modified":"2019-12-11T16:06:24","modified_gmt":"2019-12-11T20:06:24","slug":"ciudad-bolivar-destino-predilecto-en-estas-navidades","status":"publish","type":"post","link":"https:\/\/elluchador.info\/?p=155737","title":{"rendered":"Ciudad Bol\u00edvar destino predilecto en estas navidades"},"content":{"rendered":"\n<p>A seis a\u00f1os de la primera elecci\u00f3n del alcalde del municipio Heres, Sergio Hern\u00e1ndez y dos a\u00f1os de la reelecci\u00f3n, hay una moral intacta por el servicio prestado al pueblo, ante tanta adversidad se sigue realizando la inversi\u00f3n social para ser garantes de una mejor calidad de vida con derechos al esparcimiento y la recreaci\u00f3n, por ello el arduo trabajo se ejecuta desde la Alcald\u00eda de Heres para consolidar al municipio como destino predilecto de la familia venezolana y extranjera.<\/p>\n\n\n\n<p>En\ntal sentido, Arelis Hern\u00e1ndez, directora de Turismo Municipal, asegur\u00f3 que el\nl\u00edder municipal Sergio Hern\u00e1ndez durante los \u00faltimos seis a\u00f1os, al municipio le\nha dado un vuelco impactante, muy a pesar del bloqueo imperial y los enemigos\nde la ciudad que no aportan y en un sinf\u00edn de oportunidades destruyen lo que\ncon tanto esfuerzo la autoridad municipal construye y recupera, en esta ocasi\u00f3n\nsitios emblem\u00e1ticos e importantes de la ciudad que hoy marcan la diferencia y\nson un lugar de reencuentro familiar y social.<\/p>\n\n\n\n<p>\u201cDesde\nla remozada y recuperada plaza Centuri\u00f3n y sus alrededores, porque no solo fue\nla intervenci\u00f3n de la plaza, la iglesia Sant\u00edsima Trinidad, el campo santo\nCenturi\u00f3n, las casas de los vecinos, la casa del artista Manuel Y\u00e1nez, fueron\nintervenidos por el burgomaestre de la ciudad con el respaldo del presidente\nconstitucional Nicol\u00e1s Maduro, a trav\u00e9s de la gran misi\u00f3n Venezuela Bella, la\ncual ha recibido m\u00e1s de cien mil personas desde el encendido de navidad\u201d, dijo\nla titular de Turismo local. <\/p>\n\n\n\n<p><strong>Comunidad agradecida<\/strong><\/p>\n\n\n\n<p>Por\nsu parte, Marcia G\u00f3mez, habitante del Casco Hist\u00f3rico, expreso: a\nmis 75 a\u00f1os de edad jam\u00e1s hab\u00eda visto la plaza Centuri\u00f3n en condiciones tan\nextraordinarias, reconozco el buen trabajo que hizo el alcalde Sergio, la\nAlcald\u00eda de Heres y a todos los que hicieron posible est\u00e1 belleza, de verdad\ncomo habitante del Casco, muchas gracias, tenemos un lugar bello y seguro para\npasar la tarde un rato.<\/p>\n\n\n\n<p>Asimismo, la vecina Mar\u00eda Ron, hizo\nun llamado a la ciudadan\u00eda a cuidar los espacios, \u201c vamos a cuidar para tener\ndonde sentarnos por las tardes y ver caer la noche, adem\u00e1s de todos hacer vida\naqu\u00ed, ya que los ni\u00f1os tienen un lugar para&nbsp;\ndivertirse, al igual que la juventud cuenta con una zona acorde para\nejercitarse, el espacio est\u00e1 arm\u00f3nico para toda la familia, por ello lo debemos\ncuidar para compartir no solo en esta temporada decembrina, sino todo el a\u00f1o,\nmantenerlo limpio e iluminado, porque es nuestro\u201d, puntualiz\u00f3.<\/p>\n\n\n\n<p><strong>Todas las parroquias<\/strong><\/p>\n\n\n\n<p>Habitantes del municipio Heres\nen pleno se han volcado a visitar los espacios, desde el pasado 17 de\nnoviembre, cuando fue el encendido de navidad de la Plaza Centuri\u00f3n, as\u00ed como\nla reinauguraci\u00f3n de la iglesia Sant\u00edsima Trinidad, donde feligreses se\nconcentran adem\u00e1s de visitar tan importante atractivo hist\u00f3rico.<\/p>\n\n\n\n<p>Finalmente, la titular de Turismo local manifest\u00f3 que est\u00e1 disponible todo un equipo con una amplia programaci\u00f3n diaria para atender a visitantes de la plaza; el Servicio Aut\u00f3nomo Municipal de Administraci\u00f3n Tributaria de Heres (Samath), la Polic\u00eda municipal de Heres; Patrulleros de Angostura, la Fundaci\u00f3n de Acci\u00f3n Social Municipal, el Instituto de Deportes Heres y la direcci\u00f3n de Turismo, toda la Gesti\u00f3n Sergio Hern\u00e1ndez garantes de los espacios de paz.<\/p>\n\n\n\n<p><strong>Prensa Alcald\u00eda de Heres\/Turismo<\/strong><\/p>\n","protected":false},"excerpt":{"rendered":"<p>A seis a\u00f1os de la primera elecci\u00f3n del alcalde del municipio Heres, Sergio Hern\u00e1ndez y dos a\u00f1os de la reelecci\u00f3n, hay una moral intacta por el servicio prestado al pueblo, ante tanta adversidad se sigue realizando la inversi\u00f3n social para ser garantes de una mejor calidad de vida con derechos al esparcimiento y la recreaci\u00f3n, [&hellip;]<\/p>\n","protected":false},"author":2,"featured_media":155738,"comment_status":"closed","ping_status":"closed","sticky":false,"template":"","format":"standard","meta":{"footnotes":""},"categories":[20,12],"tags":[],"class_list":{"0":"post-155737","1":"post","2":"type-post","3":"status-publish","4":"format-standard","5":"has-post-thumbnail","7":"category-municipal","8":"category-regionales"},"_links":{"self":[{"href":"https:\/\/elluchador.info\/index.php?rest_route=\/wp\/v2\/posts\/155737","targetHints":{"allow":["GET"]}}],"collection":[{"href":"https:\/\/elluchador.info\/index.php?rest_route=\/wp\/v2\/posts"}],"about":[{"href":"https:\/\/elluchador.info\/index.php?rest_route=\/wp\/v2\/types\/post"}],"author":[{"embeddable":true,"href":"https:\/\/elluchador.info\/index.php?rest_route=\/wp\/v2\/users\/2"}],"replies":[{"embeddable":true,"href":"https:\/\/elluchador.info\/index.php?rest_route=%2Fwp%2Fv2%2Fcomments&post=155737"}],"version-history":[{"count":1,"href":"https:\/\/elluchador.info\/index.php?rest_route=\/wp\/v2\/posts\/155737\/revisions"}],"predecessor-version":[{"id":155739,"href":"https:\/\/elluchador.info\/index.php?rest_route=\/wp\/v2\/posts\/155737\/revisions\/155739"}],"wp:featuredmedia":[{"embeddable":true,"href":"https:\/\/elluchador.info\/index.php?rest_route=\/wp\/v2\/media\/155738"}],"wp:attachment":[{"href":"https:\/\/elluchador.info\/index.php?rest_route=%2Fwp%2Fv2%2Fmedia&parent=155737"}],"wp:term":[{"taxonomy":"category","embeddable":true,"href":"https:\/\/elluchador.info\/index.php?rest_route=%2Fwp%2Fv2%2Fcategories&post=155737"},{"taxonomy":"post_tag","embeddable":true,"href":"https:\/\/elluchador.info\/index.php?rest_route=%2Fwp%2Fv2%2Ftags&post=155737"}],"curies":[{"name":"wp","href":"https:\/\/api.w.org\/{rel}","templated":true}]}}