{"id":155903,"date":"2019-12-12T15:58:13","date_gmt":"2019-12-12T19:58:13","guid":{"rendered":"https:\/\/elluchador.info\/web\/?p=155903"},"modified":"2019-12-12T14:02:36","modified_gmt":"2019-12-12T18:02:36","slug":"asi-fue-la-visita-de-los-representantes-de-bachelet-a-ramo-verde","status":"publish","type":"post","link":"https:\/\/elluchador.info\/?p=155903","title":{"rendered":"As\u00ed fue la visita de los representantes de Bachelet a Ramo Verde"},"content":{"rendered":"\n<p>Representantes en Venezuela de la\u00a0alta comisionada para los Derechos Humanos de la ONU, Michelle Bachelet, visitaron el mi\u00e9rcoles en la ma\u00f1ana la c\u00e1rcel de\u00a0Ramo Verde\u00a0para constatar las condiciones de los presos pol\u00edticos.<\/p>\n\n\n\n<p>\u00abSe efectu\u00f3 una visita especial al Centro Nacional de Procesados Militares Ramo Verde, en el marco del Plan de trabajo generado por el\u00a0Memor\u00e1ndum de Entendimiento entre la Rep\u00fablica\u00a0y la Oficina del Alto Comisionado de las Naciones Unidas para los Derechos Humanos\u00bb, public\u00f3 en\u00a0<a rel=\"noreferrer noopener\" href=\"https:\/\/twitter.com\/INGEFANBoficial\/status\/1204906848668794883\" target=\"_blank\">Twitter<\/a>\u00a0la\u00a0Inspector\u00eda General de la Fuerza Armada.<\/p>\n\n\n\n<p>La\u00a0delegaci\u00f3n de Bachelet\u00a0busca constatar si las denuncias sobre las torturas a los presos son ciertas.<\/p>\n\n\n\n<p>Bachelet visit\u00f3 Venezuela el pasado mes de junio. Luego de su visita elabor\u00f3 un informe sobre la\u00a0situaci\u00f3n de los derechos humanos\u00a0en el pa\u00eds, que dej\u00f3 en evidencia la situaci\u00f3n vulnerable en la que se encuentran los venezolanos.<\/p>\n\n\n\n<p>El informe de 18 p\u00e1ginas acus\u00f3 al\u00a0r\u00e9gimen de Nicol\u00e1s Maduro\u00a0de reducir el espacio democr\u00e1tico e incumplir su obligaci\u00f3n de garantizar la comida y atenci\u00f3n m\u00e9dica.<\/p>\n\n\n\n<p>El documento tambi\u00e9n revel\u00f3 que se registraron\u00a0ejecuciones extrajudiciales\u00a0contra la poblaci\u00f3n civil por parte de las fuerzas de seguridad<\/p>\n\n\n\n<p>Por tal motivo, pidi\u00f3 al r\u00e9gimen disolver a la\u00a0Fuerza de Acciones Especiales, uno organismos policiales m\u00e1s temidos por la poblaci\u00f3n. Sin embargo, la recomendaci\u00f3n no fue acatada.<\/p>\n\n\n\n<p>Durante su visita a Venezuela, la alta comisionada acord\u00f3 con Maduro dejar algunos representantes de su oficina en el pa\u00eds para\u00a0continuar las pesquisas.<\/p>\n\n\n\n<p>La c\u00e1rcel de Ramo Verde, conocida por recluir un gran n\u00famero de presos pol\u00edticos, alberg\u00f3 a opositores como\u00a0Leopoldo L\u00f3pez y Antonio Ledezma.<\/p>\n\n\n\n<p>Actualmente se encuentran recluidos en este lugar el fotoperiodista Jes\u00fas Medina; los militares de la Guardia Nacional Bolivariana que en enero se sublevaron en Cotiza; Vasco da Costa; Williams Aguado y Jos\u00e9 Luis Santamar\u00eda, vinculados al ex cicpc \u00d3scar P\u00e9rez; los polic\u00edas metropolitanos H\u00e9ctor Rovain, Arube P\u00e9rez, Luis Alberto Molina, y el m\u00e9dico Jos\u00e9 Alberto Marulanda, entre otros.<\/p>\n\n\n\n<figure class=\"wp-block-embed-twitter wp-block-embed is-type-rich is-provider-twitter\"><div class=\"wp-block-embed__wrapper\">\n<a class=\"twitter-timeline\" data-width=\"696\" data-height=\"1000\" data-dnt=\"true\" href=\"https:\/\/twitter.com\/INGEFANBoficial?ref_src=twsrc%5Etfw\">Tweets by INGEFANBoficial<\/a><script async src=\"https:\/\/platform.twitter.com\/widgets.js\" charset=\"utf-8\"><\/script>\n<\/div><\/figure>\n\n\n\n<p><strong>El Nacional<\/strong><\/p>\n","protected":false},"excerpt":{"rendered":"<p>Representantes en Venezuela de la\u00a0alta comisionada para los Derechos Humanos de la ONU, Michelle Bachelet, visitaron el mi\u00e9rcoles en la ma\u00f1ana la c\u00e1rcel de\u00a0Ramo Verde\u00a0para constatar las condiciones de los presos pol\u00edticos. \u00abSe efectu\u00f3 una visita especial al Centro Nacional de Procesados Militares Ramo Verde, en el marco del Plan de trabajo generado por el\u00a0Memor\u00e1ndum [&hellip;]<\/p>\n","protected":false},"author":2,"featured_media":155904,"comment_status":"closed","ping_status":"closed","sticky":false,"template":"","format":"standard","meta":{"footnotes":""},"categories":[9],"tags":[],"class_list":{"0":"post-155903","1":"post","2":"type-post","3":"status-publish","4":"format-standard","5":"has-post-thumbnail","7":"category-nacionales"},"_links":{"self":[{"href":"https:\/\/elluchador.info\/index.php?rest_route=\/wp\/v2\/posts\/155903","targetHints":{"allow":["GET"]}}],"collection":[{"href":"https:\/\/elluchador.info\/index.php?rest_route=\/wp\/v2\/posts"}],"about":[{"href":"https:\/\/elluchador.info\/index.php?rest_route=\/wp\/v2\/types\/post"}],"author":[{"embeddable":true,"href":"https:\/\/elluchador.info\/index.php?rest_route=\/wp\/v2\/users\/2"}],"replies":[{"embeddable":true,"href":"https:\/\/elluchador.info\/index.php?rest_route=%2Fwp%2Fv2%2Fcomments&post=155903"}],"version-history":[{"count":1,"href":"https:\/\/elluchador.info\/index.php?rest_route=\/wp\/v2\/posts\/155903\/revisions"}],"predecessor-version":[{"id":155905,"href":"https:\/\/elluchador.info\/index.php?rest_route=\/wp\/v2\/posts\/155903\/revisions\/155905"}],"wp:featuredmedia":[{"embeddable":true,"href":"https:\/\/elluchador.info\/index.php?rest_route=\/wp\/v2\/media\/155904"}],"wp:attachment":[{"href":"https:\/\/elluchador.info\/index.php?rest_route=%2Fwp%2Fv2%2Fmedia&parent=155903"}],"wp:term":[{"taxonomy":"category","embeddable":true,"href":"https:\/\/elluchador.info\/index.php?rest_route=%2Fwp%2Fv2%2Fcategories&post=155903"},{"taxonomy":"post_tag","embeddable":true,"href":"https:\/\/elluchador.info\/index.php?rest_route=%2Fwp%2Fv2%2Ftags&post=155903"}],"curies":[{"name":"wp","href":"https:\/\/api.w.org\/{rel}","templated":true}]}}