{"id":155961,"date":"2019-12-13T07:08:56","date_gmt":"2019-12-13T11:08:56","guid":{"rendered":"https:\/\/elluchador.info\/web\/?p=155961"},"modified":"2019-12-12T16:58:29","modified_gmt":"2019-12-12T20:58:29","slug":"gobierno-municipal-celebro-6-anos-de-impecable-gestion-de-sergio-hernandez","status":"publish","type":"post","link":"https:\/\/elluchador.info\/?p=155961","title":{"rendered":"Gobierno municipal celebr\u00f3 6 a\u00f1os de impecable gesti\u00f3n de Sergio Hern\u00e1ndez"},"content":{"rendered":"\n<p>Los directores integrales de la Alcald\u00eda de Heres celebraron los logros alcanzados en los seis a\u00f1os de impecable gesti\u00f3n del alcalde Sergio Hern\u00e1ndez como l\u00edder del municipio donde se ubica la capital del estado Bol\u00edvar, durante el programa de radio \u201cEn Directo con Sergio\u201d en su edici\u00f3n 122, conducido en esta oportunidad por el diputado del Partido Socialista Unido de Venezuela (PSUV), Ronald Bastardo.<\/p>\n\n\n\n<p>En compa\u00f1\u00eda del\nequipo pol\u00edtico, concejales, diputados, directivos de emisoras, poder popular,\nClaps y UBCh de la parroquia Catedral, adem\u00e1s de representantes comunales,\nemprendedores, talento local, movimientos juveniles, resaltaron\nlas pol\u00edticas humanistas del l\u00edder municipal a favor del desarrollo integral\ndel municipio&nbsp; y el empoderamiento de las comunidades para hacer frente a\nla guerra econ\u00f3mica. <\/p>\n\n\n\n<p>El tambi\u00e9n director de Salud\ndel municipio Heres, Ronald Bastardo, mencion\u00f3 que celebraron &nbsp;seis a\u00f1os\nde gesti\u00f3n de un alcalde \u201creelecto por su pueblo, bajo las pol\u00edticas de altura\ny sociales\u201d pensadas para la satisfacci\u00f3n del pueblo.<\/p>\n\n\n\n<p>Desde la UEM Manuel Palacios\nFajardo, record\u00f3 los trabajos de mantenimiento, limpieza, producci\u00f3n, deporte,\nturismo, cultura, salud, educaci\u00f3n y comunas emprendidos durante los 6 a\u00f1os de\ngesti\u00f3n de Sergio Hern\u00e1ndez que han garantizado el desarrollo de un municipio\nque renace en tiempos de revoluci\u00f3n.<\/p>\n\n\n\n<p>En la transmisi\u00f3n 122 del\nprograma l\u00edder en audiencia del municipio Heres, Ronald Bastardo, aplaudi\u00f3 los\npreparativos realizados por la gran familia de la Alcald\u00eda de Heres para la\nllegada y celebraci\u00f3n de la Navidad en diversos sectores de Ciudad Bol\u00edvar.<\/p>\n\n\n\n<p>Por otra parte, Bastardo,\nasegur\u00f3 que en el marco de la Navidades Felices 2019 \u201cnuestro gobierno fiel en\ndefensa del pueblo y haci\u00e9ndole frente a la guerra econ\u00f3mica de la mano con\nAlimentos Bol\u00edvar iniciar\u00e1 la &nbsp;entrega del pernil en las parroquias del\nmunicipio\u201d, coment\u00f3.<\/p>\n\n\n\n<p>Agreg\u00f3 que en las parroquias\nCatedral y Agua Salada, se est\u00e1n entregando las cajas de alimentos del Clap de\nmanera simult\u00e1nea y luego abordar\u00e1n las dem\u00e1s parroquias.<\/p>\n\n\n\n<p><strong>Navidad en Ciudad Bol\u00edvar<\/strong><\/p>\n\n\n\n<p>Y es que en aras de seguir\ncelebrando la paz, hermandad y amor del pueblo, la gesti\u00f3n Sergio Hern\u00e1ndez,\navanza en la Ruta de la Navidad 2019 con el tercer Encendido de la Navidad que\ntendr\u00e1n como escenario el Mirador Angostura.<\/p>\n\n\n\n<p>Bastardo indic\u00f3 que en\nCiudad Bol\u00edvar \u201chay tres espacios para el sano compartir en \u00e9poca decembrina\ncomo la plaza Centuri\u00f3n, el parque Leonardo Ruiz Pineda y a partir de este\nviernes 13 de diciembre, el Mirador Angostura.<\/p>\n\n\n\n<p>Invit\u00f3 a los ciudadanos a\nparticipar de la gran presentaci\u00f3n del Pesebre Viviente del Orinoco que se\nrealizar\u00e1 en el Mirador Angostura este viernes 13 de diciembre a partir de las\n6:30 de la tarde.<\/p>\n\n\n\n<p>Asegur\u00f3 que tras el\nemocionante encendido en el parque Leonardo Ruiz Pineda, esperan que la\nparticipaci\u00f3n sea masiva y tienen sorpresas preparadas para todos los ni\u00f1os.<\/p>\n\n\n\n<p>Igualmente el director municipal de Cultura, Neptali Hurtado, invit\u00f3 a la colectividad a disfrutar de las actividades que se realizan en la plaza Centuri\u00f3n durante las noches de la celebraci\u00f3n de la navidad.<\/p>\n\n\n\n<p><strong>Prensa Alcald\u00eda de Heres<\/strong><\/p>\n","protected":false},"excerpt":{"rendered":"<p>Los directores integrales de la Alcald\u00eda de Heres celebraron los logros alcanzados en los seis a\u00f1os de impecable gesti\u00f3n del alcalde Sergio Hern\u00e1ndez como l\u00edder del municipio donde se ubica la capital del estado Bol\u00edvar, durante el programa de radio \u201cEn Directo con Sergio\u201d en su edici\u00f3n 122, conducido en esta oportunidad por el diputado [&hellip;]<\/p>\n","protected":false},"author":2,"featured_media":155977,"comment_status":"closed","ping_status":"closed","sticky":false,"template":"","format":"standard","meta":{"footnotes":""},"categories":[20,12],"tags":[],"class_list":{"0":"post-155961","1":"post","2":"type-post","3":"status-publish","4":"format-standard","5":"has-post-thumbnail","7":"category-municipal","8":"category-regionales"},"_links":{"self":[{"href":"https:\/\/elluchador.info\/index.php?rest_route=\/wp\/v2\/posts\/155961","targetHints":{"allow":["GET"]}}],"collection":[{"href":"https:\/\/elluchador.info\/index.php?rest_route=\/wp\/v2\/posts"}],"about":[{"href":"https:\/\/elluchador.info\/index.php?rest_route=\/wp\/v2\/types\/post"}],"author":[{"embeddable":true,"href":"https:\/\/elluchador.info\/index.php?rest_route=\/wp\/v2\/users\/2"}],"replies":[{"embeddable":true,"href":"https:\/\/elluchador.info\/index.php?rest_route=%2Fwp%2Fv2%2Fcomments&post=155961"}],"version-history":[{"count":1,"href":"https:\/\/elluchador.info\/index.php?rest_route=\/wp\/v2\/posts\/155961\/revisions"}],"predecessor-version":[{"id":155978,"href":"https:\/\/elluchador.info\/index.php?rest_route=\/wp\/v2\/posts\/155961\/revisions\/155978"}],"wp:featuredmedia":[{"embeddable":true,"href":"https:\/\/elluchador.info\/index.php?rest_route=\/wp\/v2\/media\/155977"}],"wp:attachment":[{"href":"https:\/\/elluchador.info\/index.php?rest_route=%2Fwp%2Fv2%2Fmedia&parent=155961"}],"wp:term":[{"taxonomy":"category","embeddable":true,"href":"https:\/\/elluchador.info\/index.php?rest_route=%2Fwp%2Fv2%2Fcategories&post=155961"},{"taxonomy":"post_tag","embeddable":true,"href":"https:\/\/elluchador.info\/index.php?rest_route=%2Fwp%2Fv2%2Ftags&post=155961"}],"curies":[{"name":"wp","href":"https:\/\/api.w.org\/{rel}","templated":true}]}}