{"id":155966,"date":"2019-12-12T17:10:04","date_gmt":"2019-12-12T21:10:04","guid":{"rendered":"https:\/\/elluchador.info\/web\/?p=155966"},"modified":"2019-12-12T16:50:59","modified_gmt":"2019-12-12T20:50:59","slug":"evo-morales-llega-a-argentina","status":"publish","type":"post","link":"https:\/\/elluchador.info\/?p=155966","title":{"rendered":"Evo Morales llega a Argentina"},"content":{"rendered":"\n<p>El expresidente de Bolivia, Evo Morales, lleg\u00f3 este jueves\n12-D a Buenos Aires, proveniente de Cuba, y se quedar\u00e1 en Argentina donde\ntendr\u00e1 la condici\u00f3n de refugiado, dijo el nuevo canciller del pa\u00eds\nsudamericano, Felipe Sol\u00e1.<\/p>\n\n\n\n<p>Morales \u00abaterriz\u00f3 reci\u00e9n en Ezeiza. Viene para quedarse\nen la Argentina, porque entra en condici\u00f3n de asilado y despu\u00e9s pasar\u00e1 a tener\nla de refugiado\u00bb, declar\u00f3 Sol\u00e1 al canal de noticias TN.<\/p>\n\n\n\n<p>El canciller asegur\u00f3 que el exmandatario \u00abse siente m\u00e1s\nc\u00f3modo ac\u00e1 que en M\u00e9xico\u00bb.<\/p>\n\n\n\n<p>Morales lleg\u00f3 con total hermetismo a Buenos Aires, junto con\nsu exvicepresidente \u00c1lvaro Garc\u00eda Linera, la exministra Gabriela Monta\u00f1o y el\nex embajador de Bolivia ante la OEA, quienes tambi\u00e9n estuvieron asilados en\nM\u00e9xico. <\/p>\n\n\n\n<p>No est\u00e1 previsto un encuentro este jueves de Morales con el\npresidente de Argentina, Alberto Fern\u00e1ndez, dijo el canciller quien no precis\u00f3\nen qu\u00e9 lugar del pa\u00eds permanecer\u00e1.<\/p>\n\n\n\n<p>El exmandatario boliviano era una de las personalidades a\nlas que Fern\u00e1ndez hab\u00eda invitado a la ceremonia de su investidura, pero\nfinalmente lleg\u00f3 dos d\u00edas despu\u00e9s donde ya est\u00e1n instalados sus dos hijos.<\/p>\n\n\n\n<p>Morales dimiti\u00f3 el 10 de noviembre luego de perder el apoyo\nde las Fuerzas Armadas y en medio de una convulsi\u00f3n social tras fracasar su\nintento de perpetuarse en el poder por cuarto mandato consecutivo mediante\nelecciones consideradas fraudulentas por la misi\u00f3n de observaci\u00f3n de la OEA.<\/p>\n\n\n\n<p>El exmandatario recibi\u00f3 inicialmente asilo en M\u00e9xico, desde\ndonde denunci\u00f3 un \u00abgolpe de Estado\u00bb en su contra.<\/p>\n\n\n\n<p>Fern\u00e1ndez colabor\u00f3 con el operativo para sacar al\nexpresidente de Bolivia y su llegada a M\u00e9xico.<\/p>\n\n\n\n<p>\u00abNo reconocemos el gobierno de Bolivia (de transici\u00f3n\nde Jeanine A\u00f1ez) pero s\u00ed hacemos votos y trataremos de no poner el m\u00e1s m\u00ednimo\npalo en la rueda, sino m\u00e1s bien de ayudar para que las elecciones se hagan lo\nantes posible\u00bb, declar\u00f3 este jueves el canciller argentino.<\/p>\n\n\n\n<p>El de Bolivia \u00abes un gobierno de facto\u00bb, agreg\u00f3,\naunque admiti\u00f3 que \u00abpuede tener el apoyo de parte de la sociedad\u00bb.<\/p>\n\n\n\n<p>Los hijos de Morales, Evaliz y Alvaro, se encuentran ya\ndesde el 23 de noviembre en Argentina, donde vive la mayor comunidad boliviana\nfuera del pa\u00eds.<\/p>\n\n\n\n<p>Tras llegar a Buenos Aires, los hijos de Evo Morales\nrecibieron la visita del entonces presidente electo Alberto Fern\u00e1ndez, quien\nasumi\u00f3 el gobierno el martes pasado.<\/p>\n\n\n\n<p><strong>PANORAMA<\/strong><\/p>\n","protected":false},"excerpt":{"rendered":"<p>El expresidente de Bolivia, Evo Morales, lleg\u00f3 este jueves 12-D a Buenos Aires, proveniente de Cuba, y se quedar\u00e1 en Argentina donde tendr\u00e1 la condici\u00f3n de refugiado, dijo el nuevo canciller del pa\u00eds sudamericano, Felipe Sol\u00e1. Morales \u00abaterriz\u00f3 reci\u00e9n en Ezeiza. Viene para quedarse en la Argentina, porque entra en condici\u00f3n de asilado y despu\u00e9s [&hellip;]<\/p>\n","protected":false},"author":2,"featured_media":155971,"comment_status":"closed","ping_status":"closed","sticky":false,"template":"","format":"standard","meta":{"footnotes":""},"categories":[8],"tags":[],"class_list":{"0":"post-155966","1":"post","2":"type-post","3":"status-publish","4":"format-standard","5":"has-post-thumbnail","7":"category-internacionales"},"_links":{"self":[{"href":"https:\/\/elluchador.info\/index.php?rest_route=\/wp\/v2\/posts\/155966","targetHints":{"allow":["GET"]}}],"collection":[{"href":"https:\/\/elluchador.info\/index.php?rest_route=\/wp\/v2\/posts"}],"about":[{"href":"https:\/\/elluchador.info\/index.php?rest_route=\/wp\/v2\/types\/post"}],"author":[{"embeddable":true,"href":"https:\/\/elluchador.info\/index.php?rest_route=\/wp\/v2\/users\/2"}],"replies":[{"embeddable":true,"href":"https:\/\/elluchador.info\/index.php?rest_route=%2Fwp%2Fv2%2Fcomments&post=155966"}],"version-history":[{"count":1,"href":"https:\/\/elluchador.info\/index.php?rest_route=\/wp\/v2\/posts\/155966\/revisions"}],"predecessor-version":[{"id":155973,"href":"https:\/\/elluchador.info\/index.php?rest_route=\/wp\/v2\/posts\/155966\/revisions\/155973"}],"wp:featuredmedia":[{"embeddable":true,"href":"https:\/\/elluchador.info\/index.php?rest_route=\/wp\/v2\/media\/155971"}],"wp:attachment":[{"href":"https:\/\/elluchador.info\/index.php?rest_route=%2Fwp%2Fv2%2Fmedia&parent=155966"}],"wp:term":[{"taxonomy":"category","embeddable":true,"href":"https:\/\/elluchador.info\/index.php?rest_route=%2Fwp%2Fv2%2Fcategories&post=155966"},{"taxonomy":"post_tag","embeddable":true,"href":"https:\/\/elluchador.info\/index.php?rest_route=%2Fwp%2Fv2%2Ftags&post=155966"}],"curies":[{"name":"wp","href":"https:\/\/api.w.org\/{rel}","templated":true}]}}