{"id":155986,"date":"2019-12-13T09:42:48","date_gmt":"2019-12-13T13:42:48","guid":{"rendered":"https:\/\/elluchador.info\/web\/?p=155986"},"modified":"2019-12-13T09:32:32","modified_gmt":"2019-12-13T13:32:32","slug":"oliveros-en-el-2020-venezuela-vivira-su-septimo-ano-de-contraccion-economica","status":"publish","type":"post","link":"https:\/\/elluchador.info\/?p=155986","title":{"rendered":"Oliveros: En el 2020 Venezuela vivir\u00e1 su s\u00e9ptimo a\u00f1o de contracci\u00f3n econ\u00f3mica"},"content":{"rendered":"\n<p>&nbsp;El economista&nbsp;Asdr\u00fabal Oliveros, de la firma de an\u00e1lisis Ecoanal\u00edtica, asegur\u00f3 que el s\u00e9ptimo a\u00f1o de contracci\u00f3n econ\u00f3mica que vivir\u00e1 nuestro pa\u00eds, el pr\u00f3ximo a\u00f1o, ser\u00e1 el r\u00e9cord m\u00e1s largo en la historia contempor\u00e1nea.<\/p>\n\n\n\n<p>\u00abCon todo lo que eso implica, p\u00e9rdida de bienestar, afectaci\u00f3n a las personas principalmente, pero tambi\u00e9n a los negocios y las empresas\u00bb, acot\u00f3 el economista.<ins><\/ins><\/p>\n\n\n\n<p>Asdr\u00fabal Oliveros estima que el pr\u00f3ximo a\u00f1o, el grado de dolarizaci\u00f3n en las transacciones, superar\u00e1 la barrera del 60 por ciento, imponiendo un cambio en el consumo, en la gesti\u00f3n de los negocios e incluso en la estrategia de comercializaci\u00f3n y distribuci\u00f3n de las empresas.<\/p>\n\n\n\n<p>Para el director de Econoan\u00e1litica, el primer escollo del 2020 ser\u00e1 el colapso profundo de los servicios p\u00fablicos, en especial, la electricidad, transporte y combustible.<\/p>\n\n\n\n<p><strong>unionradio.net <\/strong><\/p>\n","protected":false},"excerpt":{"rendered":"<p>&nbsp;El economista&nbsp;Asdr\u00fabal Oliveros, de la firma de an\u00e1lisis Ecoanal\u00edtica, asegur\u00f3 que el s\u00e9ptimo a\u00f1o de contracci\u00f3n econ\u00f3mica que vivir\u00e1 nuestro pa\u00eds, el pr\u00f3ximo a\u00f1o, ser\u00e1 el r\u00e9cord m\u00e1s largo en la historia contempor\u00e1nea. \u00abCon todo lo que eso implica, p\u00e9rdida de bienestar, afectaci\u00f3n a las personas principalmente, pero tambi\u00e9n a los negocios y las empresas\u00bb, [&hellip;]<\/p>\n","protected":false},"author":2,"featured_media":155987,"comment_status":"closed","ping_status":"closed","sticky":false,"template":"","format":"standard","meta":{"footnotes":""},"categories":[5,6,9],"tags":[],"class_list":{"0":"post-155986","1":"post","2":"type-post","3":"status-publish","4":"format-standard","5":"has-post-thumbnail","7":"category-destacado","8":"category-economia","9":"category-nacionales"},"_links":{"self":[{"href":"https:\/\/elluchador.info\/index.php?rest_route=\/wp\/v2\/posts\/155986","targetHints":{"allow":["GET"]}}],"collection":[{"href":"https:\/\/elluchador.info\/index.php?rest_route=\/wp\/v2\/posts"}],"about":[{"href":"https:\/\/elluchador.info\/index.php?rest_route=\/wp\/v2\/types\/post"}],"author":[{"embeddable":true,"href":"https:\/\/elluchador.info\/index.php?rest_route=\/wp\/v2\/users\/2"}],"replies":[{"embeddable":true,"href":"https:\/\/elluchador.info\/index.php?rest_route=%2Fwp%2Fv2%2Fcomments&post=155986"}],"version-history":[{"count":1,"href":"https:\/\/elluchador.info\/index.php?rest_route=\/wp\/v2\/posts\/155986\/revisions"}],"predecessor-version":[{"id":155988,"href":"https:\/\/elluchador.info\/index.php?rest_route=\/wp\/v2\/posts\/155986\/revisions\/155988"}],"wp:featuredmedia":[{"embeddable":true,"href":"https:\/\/elluchador.info\/index.php?rest_route=\/wp\/v2\/media\/155987"}],"wp:attachment":[{"href":"https:\/\/elluchador.info\/index.php?rest_route=%2Fwp%2Fv2%2Fmedia&parent=155986"}],"wp:term":[{"taxonomy":"category","embeddable":true,"href":"https:\/\/elluchador.info\/index.php?rest_route=%2Fwp%2Fv2%2Fcategories&post=155986"},{"taxonomy":"post_tag","embeddable":true,"href":"https:\/\/elluchador.info\/index.php?rest_route=%2Fwp%2Fv2%2Ftags&post=155986"}],"curies":[{"name":"wp","href":"https:\/\/api.w.org\/{rel}","templated":true}]}}