{"id":155995,"date":"2019-12-13T10:10:56","date_gmt":"2019-12-13T14:10:56","guid":{"rendered":"https:\/\/elluchador.info\/web\/?p=155995"},"modified":"2019-12-13T10:01:08","modified_gmt":"2019-12-13T14:01:08","slug":"alcaldesa-de-piar-conmemoro-dia-internacional-de-los-derechos-humanos","status":"publish","type":"post","link":"https:\/\/elluchador.info\/?p=155995","title":{"rendered":"Alcaldesa de Piar conmemor\u00f3  D\u00eda Internacional de los Derechos Humanos"},"content":{"rendered":"\n<p>La ma\u00f1ana de\neste jueves, la presidenta del Concejo Municipal, Ornella Arbel\u00e1ez, acompa\u00f1ada\npor ediles, dio inicio a la Sesi\u00f3n Especial, con motivo de celebrar el D\u00eda\nInternacional de los Derechos Humanos, donde estuvieron presentes la alcaldesa\ndel municipio Piar, Yulisbeth Garc\u00eda, Defensora del Pueblo en el Estado\nBol\u00edvar, Zoraice Rond\u00f3n, Fiscal Superior, Orlando Alcal\u00e1, organismos de\nseguridad (Polic\u00eda del Estado, Municipal, Guardia Nacional Bolivariana, Cicpc,\nPolic\u00eda Nacional, empresario Jos\u00e9 Gregorio \u00c1lvarez, Poder Popular, comunas y\notras personalidades.<\/p>\n\n\n\n<p>En este sentido,\nse dio apertura a la Sesi\u00f3n con palabras de bienvenida por parte de la Oradora\nde Orden, Zoraice Rond\u00f3n, quien manifest\u00f3, \u201crecordando a Nelson Mandela, quien\nen unos de sus escritos dejados dijo, no es simplemente la ausencia de\nconflicto, la paz, es la creaci\u00f3n de un entorno que todos podemos prosperar,\nindependientemente que raza sean, religi\u00f3n, sexo, clase, idioma, casta o\ncualquier otra caracter\u00edstica social que nos distingan\u201d.<\/p>\n\n\n\n<p>Destac\u00f3, \u201cen la\nactualidad se habla mucho de los Derechos Humanos, pero en realidad existe\nmucho desconocimiento a pesar de que han transcurrido 72 a\u00f1os, cuando fue\ndeclarado este d\u00eda, por tanto, todos los seres humanos tenemos derecho a la\nigualdad, vida, seguridad, a la libre expresi\u00f3n, trabajo, educaci\u00f3n, entre\notros. Es importante mencionar que actualmente existe una cultura\ndiscriminatoria hacia las mujeres, donde con frecuencia existen abusos de\npoderes en la actualidad\u201d, a\u00f1adi\u00f3 Rend\u00f3n.<\/p>\n\n\n\n<p><strong>\u201cLos\nDerechos Humanos en los sectores\u201d<\/strong><\/p>\n\n\n\n<p>De este modo, la\nalcaldesa Yulisbeth Garc\u00eda, felicit\u00f3 a la Oradora de Orden por su discurso y\nadem\u00e1s expres\u00f3, \u201clos Derechos Humanos deben estar presente en cada sector, en\nmateria de educaci\u00f3n, servicios p\u00fablicos, salud y familias, tenemos un Consejo\nde Derecho de Ni\u00f1os, Ni\u00f1as y Adolescente, consolidado, ayudamos en las\ncircunstancias presentadas, dando la mano a todo aquel que necesite apoyo,\nagradezco tambi\u00e9n al Fiscal Superior, Orlando Alcal\u00e1, quien ha sido parte de\nlas orientaciones que he recibido\u201d.<\/p>\n\n\n\n<figure class=\"wp-block-image\"><img loading=\"lazy\" decoding=\"async\" width=\"1024\" height=\"575\" src=\"https:\/\/elluchador.info\/web\/wp-content\/uploads\/2019\/12\/N1-f2-defensora-del-pueblo-1024x575.jpg\" alt=\"\" class=\"wp-image-155996\" srcset=\"https:\/\/elluchador.info\/wp-content\/uploads\/2019\/12\/N1-f2-defensora-del-pueblo-1024x575.jpg 1024w, https:\/\/elluchador.info\/wp-content\/uploads\/2019\/12\/N1-f2-defensora-del-pueblo-300x168.jpg 300w, https:\/\/elluchador.info\/wp-content\/uploads\/2019\/12\/N1-f2-defensora-del-pueblo-768x431.jpg 768w, https:\/\/elluchador.info\/wp-content\/uploads\/2019\/12\/N1-f2-defensora-del-pueblo.jpg 1080w\" sizes=\"auto, (max-width: 1024px) 100vw, 1024px\" \/><\/figure>\n\n\n\n<p>Durante la\nactividad, se hizo entrega de reconocimientos a la Defensora del Pueblo,\nZoraice Rond\u00f3n, Fiscal, Orlando Alcal\u00e1, Almte. Willians Serrantes, aunado a\nXiomara Garc\u00eda y Mar\u00eda Rodr\u00edguez, por su participaci\u00f3n en acciones de promoci\u00f3n\ny defensa de los Derechos Humanos, garantizando la paz y defensa de la\nConstituci\u00f3n de la Rep\u00fablica Bolivariana de Venezuela.<\/p>\n\n\n\n<p>Asimismo, el Fiscal Alcal\u00e1 aprovech\u00f3 para agradecer a la mandataria municipal, \u201ctodo lo que se ha hecho en pol\u00edticas p\u00fablicas en materia municipal, a fin de que los Derechos Humanos se cumplan, ha sido positivo, pues, hablamos del Cmdnna, salud, transporte, por lo que la autoridad local se ha empe\u00f1ado en que as\u00ed sea, siendo un honor en nombre del poder ciudadano\u201d. Una vez culminado el acto, se procedi\u00f3 hacer la entrega de reconocimientos, donde Alcal\u00e1 entreg\u00f3 un Bot\u00f3n a la alcaldesa, por su destacada labor, colaboraci\u00f3n y apoyo incondicional con el pueblo y \u00f3rganos.<\/p>\n\n\n\n<p><strong>Indira Zamora<\/strong><\/p>\n","protected":false},"excerpt":{"rendered":"<p>La ma\u00f1ana de este jueves, la presidenta del Concejo Municipal, Ornella Arbel\u00e1ez, acompa\u00f1ada por ediles, dio inicio a la Sesi\u00f3n Especial, con motivo de celebrar el D\u00eda Internacional de los Derechos Humanos, donde estuvieron presentes la alcaldesa del municipio Piar, Yulisbeth Garc\u00eda, Defensora del Pueblo en el Estado Bol\u00edvar, Zoraice Rond\u00f3n, Fiscal Superior, Orlando Alcal\u00e1, [&hellip;]<\/p>\n","protected":false},"author":2,"featured_media":155999,"comment_status":"closed","ping_status":"closed","sticky":false,"template":"","format":"standard","meta":{"footnotes":""},"categories":[5,12],"tags":[],"class_list":{"0":"post-155995","1":"post","2":"type-post","3":"status-publish","4":"format-standard","5":"has-post-thumbnail","7":"category-destacado","8":"category-regionales"},"_links":{"self":[{"href":"https:\/\/elluchador.info\/index.php?rest_route=\/wp\/v2\/posts\/155995","targetHints":{"allow":["GET"]}}],"collection":[{"href":"https:\/\/elluchador.info\/index.php?rest_route=\/wp\/v2\/posts"}],"about":[{"href":"https:\/\/elluchador.info\/index.php?rest_route=\/wp\/v2\/types\/post"}],"author":[{"embeddable":true,"href":"https:\/\/elluchador.info\/index.php?rest_route=\/wp\/v2\/users\/2"}],"replies":[{"embeddable":true,"href":"https:\/\/elluchador.info\/index.php?rest_route=%2Fwp%2Fv2%2Fcomments&post=155995"}],"version-history":[{"count":1,"href":"https:\/\/elluchador.info\/index.php?rest_route=\/wp\/v2\/posts\/155995\/revisions"}],"predecessor-version":[{"id":156000,"href":"https:\/\/elluchador.info\/index.php?rest_route=\/wp\/v2\/posts\/155995\/revisions\/156000"}],"wp:featuredmedia":[{"embeddable":true,"href":"https:\/\/elluchador.info\/index.php?rest_route=\/wp\/v2\/media\/155999"}],"wp:attachment":[{"href":"https:\/\/elluchador.info\/index.php?rest_route=%2Fwp%2Fv2%2Fmedia&parent=155995"}],"wp:term":[{"taxonomy":"category","embeddable":true,"href":"https:\/\/elluchador.info\/index.php?rest_route=%2Fwp%2Fv2%2Fcategories&post=155995"},{"taxonomy":"post_tag","embeddable":true,"href":"https:\/\/elluchador.info\/index.php?rest_route=%2Fwp%2Fv2%2Ftags&post=155995"}],"curies":[{"name":"wp","href":"https:\/\/api.w.org\/{rel}","templated":true}]}}