{"id":156001,"date":"2019-12-13T10:34:46","date_gmt":"2019-12-13T14:34:46","guid":{"rendered":"https:\/\/elluchador.info\/web\/?p=156001"},"modified":"2019-12-13T10:24:56","modified_gmt":"2019-12-13T14:24:56","slug":"sala-de-ciencia-aristides-bastidas-abre-sus-puertas-a-estudiantes-de-basica","status":"publish","type":"post","link":"https:\/\/elluchador.info\/?p=156001","title":{"rendered":"Sala de Ciencia Ar\u00edstides Bastidas abre sus puertas a estudiantes de b\u00e1sica"},"content":{"rendered":"\n<p>En el marco del proyecto nacional Semillero Cient\u00edfico que impulsa el Ministerio del Poder Popular para Ciencia y Tecnolog\u00eda (Mincyt), fue inaugurada la Sala de Ciencia Ar\u00edstides Bastidas en el estado Yaracuy, para honrar los grandes aportes en la ciencia e investigaci\u00f3n de este insigne periodista.<\/p>\n\n\n\n<p>La actividad estuvo presidida por Albert Rever\u00f3n, director general de la Oficina de la Coordinaci\u00f3n Territorial del Mincyt; Jean Piero Yacobucci, presidente de la Fundaci\u00f3n para el Desarrollo Ciencia y Tecnolog\u00eda (Fundacite) en Yaracuy; Milagros Sarmiento, directora ejecutiva, as\u00ed como representantes de diversas instituciones educativas, los rectores de las universidades Uptyab, Unefa, UNEY, Sim\u00f3n Rodr\u00edguez, UBV, UCS, Fundayacucho e innovadores del fundo productivo La Jobitera.<\/p>\n\n\n\n<figure class=\"wp-block-image\"><img loading=\"lazy\" decoding=\"async\" width=\"1024\" height=\"768\" src=\"https:\/\/elluchador.info\/web\/wp-content\/uploads\/2019\/12\/Ni\u00f1os-durante-experimiento-de-volc\u00e1n-1024x768.jpg\" alt=\"\" class=\"wp-image-156004\" srcset=\"https:\/\/elluchador.info\/wp-content\/uploads\/2019\/12\/Ni\u00f1os-durante-experimiento-de-volc\u00e1n-1024x768.jpg 1024w, https:\/\/elluchador.info\/wp-content\/uploads\/2019\/12\/Ni\u00f1os-durante-experimiento-de-volc\u00e1n-300x225.jpg 300w, https:\/\/elluchador.info\/wp-content\/uploads\/2019\/12\/Ni\u00f1os-durante-experimiento-de-volc\u00e1n-768x576.jpg 768w\" sizes=\"auto, (max-width: 1024px) 100vw, 1024px\" \/><\/figure>\n\n\n\n<p>Durante su discurso, Albert Rever\u00f3n, director general de la Oficina de la Coordinaci\u00f3n Territorial, inst\u00f3 a la poblaci\u00f3n -en especial a ni\u00f1os, ni\u00f1as y j\u00f3venes- a cuidar y mantener estos espacios operativos para la socializaci\u00f3n de saberes y la democratizaci\u00f3n del conocimiento cient\u00edfico aplicado de una forma amena y divertida.<\/p>\n\n\n\n<p>\u201cHablar de ciencia en estos tiempos es hablar del conocimiento innato que radica en nuestros maestros, uno de ellos es Ar\u00edstides Bastidas, yaracuyano, que mostr\u00f3 una versi\u00f3n distinta de conocer la ciencia por medio de sus publicaciones\u201d, expres\u00f3.&nbsp;&nbsp;<\/p>\n\n\n\n<p>Del mismo modo, Rever\u00f3n se\u00f1al\u00f3 que Yaracuy se convierte en estado pionero en la apertura de esta sala, un \u00e1rea que busca identificar, organizar, formar, promover y proteger a los j\u00f3venes talentos cient\u00edficos-tecnol\u00f3gicos.<\/p>\n\n\n\n<p>\u201cNuestro objetivo es impulsar todas las capacidades de los ni\u00f1os y j\u00f3venes de instituciones educativas, brind\u00e1ndoles herramientas y experimentaci\u00f3n de la ciencia. Buscamos estimular a la juventud para que se aventure en el mundo de la innovaci\u00f3n, la ciencia y la tecnolog\u00eda, con el fin de generar soluciones y respuestas a los retos de la sociedad venezolana\u201d, indic\u00f3.<\/p>\n\n\n\n<p><strong>Primera visita<\/strong><\/p>\n\n\n\n<p>Los estudiantes de la Escuela Integral Bolivariana Adolfo Navas Coronado y de la Unidad Educativa Mercedes Flores de Ram\u00edrez, ubicadas en los municipios Independencia y San Felipe, respectivamente, fueron los primeros en disfrutar de la nueva Sala de Ciencia Ar\u00edstides Bastidas.<\/p>\n\n\n\n<p>Cerca de 30 ni\u00f1os y ni\u00f1as lograron apreciar y participar en experimentos en el \u00e1rea de f\u00edsica y qu\u00edmica realizados por la coordinadora de Socializaci\u00f3n de la Ciencia, Nuglis Mendoza. Mendoza recalc\u00f3 la importancia del programa Semilleros Cient\u00edficos que tiene como objetivo despertar vocaciones y mostrar c\u00f3mo se est\u00e1 trabajando la ciencia en Venezuela.<\/p>\n\n\n\n<figure class=\"wp-block-image\"><img loading=\"lazy\" decoding=\"async\" width=\"1024\" height=\"768\" src=\"https:\/\/elluchador.info\/web\/wp-content\/uploads\/2019\/12\/Experimientos-1024x768.jpg\" alt=\"\" class=\"wp-image-156002\" srcset=\"https:\/\/elluchador.info\/wp-content\/uploads\/2019\/12\/Experimientos-1024x768.jpg 1024w, https:\/\/elluchador.info\/wp-content\/uploads\/2019\/12\/Experimientos-300x225.jpg 300w, https:\/\/elluchador.info\/wp-content\/uploads\/2019\/12\/Experimientos-768x576.jpg 768w\" sizes=\"auto, (max-width: 1024px) 100vw, 1024px\" \/><\/figure>\n\n\n\n<p><\/p>\n\n\n\n<p>\u201cIncentivamos el estudio de la ciencia desde temprana edad. El conocimiento debe ser divertido y ameno para que nuestros semilleros tengan la capacidad de identificar y sumar conocimiento de estas y otras \u00e1reas cient\u00edfico-tecnol\u00f3gicas\u201d, coment\u00f3.<\/p>\n\n\n\n<p>La visita guiada en la Sala de Ciencia Ar\u00edstides Bastidas, de Yaracuy, incluye: ruta de planetario,\u00a0 experimentos con voltajes, estaciones experimentales de matem\u00e1tica, f\u00edsica, qu\u00edmica y rob\u00f3tica.<\/p>\n\n\n\n<p><\/p>\n\n\n\n<figure class=\"wp-block-image\"><img loading=\"lazy\" decoding=\"async\" width=\"1024\" height=\"768\" src=\"https:\/\/elluchador.info\/web\/wp-content\/uploads\/2019\/12\/Proyecci\u00f3n-en-Sala-de-Ciencia-1024x768.jpg\" alt=\"\" class=\"wp-image-156003\" srcset=\"https:\/\/elluchador.info\/wp-content\/uploads\/2019\/12\/Proyecci\u00f3n-en-Sala-de-Ciencia-1024x768.jpg 1024w, https:\/\/elluchador.info\/wp-content\/uploads\/2019\/12\/Proyecci\u00f3n-en-Sala-de-Ciencia-300x225.jpg 300w, https:\/\/elluchador.info\/wp-content\/uploads\/2019\/12\/Proyecci\u00f3n-en-Sala-de-Ciencia-768x576.jpg 768w\" sizes=\"auto, (max-width: 1024px) 100vw, 1024px\" \/><\/figure>\n\n\n\n<p>Cabe destacar que el presidente Nicol\u00e1s Maduro aprob\u00f3, en octubre, 650 millones de bol\u00edvares para respaldar la formaci\u00f3n de ni\u00f1os, ni\u00f1as y j\u00f3venes en procesos de creaci\u00f3n de conocimientos e innovaci\u00f3n tecnol\u00f3gica, como un derecho colectivo de los pueblos.<\/p>\n\n\n\n<p><strong>Prensa Mincyt\/Fundacite Yaracuy<\/strong><\/p>\n","protected":false},"excerpt":{"rendered":"<p>En el marco del proyecto nacional Semillero Cient\u00edfico que impulsa el Ministerio del Poder Popular para Ciencia y Tecnolog\u00eda (Mincyt), fue inaugurada la Sala de Ciencia Ar\u00edstides Bastidas en el estado Yaracuy, para honrar los grandes aportes en la ciencia e investigaci\u00f3n de este insigne periodista. La actividad estuvo presidida por Albert Rever\u00f3n, director general [&hellip;]<\/p>\n","protected":false},"author":2,"featured_media":156005,"comment_status":"closed","ping_status":"closed","sticky":false,"template":"","format":"standard","meta":{"footnotes":""},"categories":[1],"tags":[],"class_list":{"0":"post-156001","1":"post","2":"type-post","3":"status-publish","4":"format-standard","5":"has-post-thumbnail","7":"category-deporte"},"_links":{"self":[{"href":"https:\/\/elluchador.info\/index.php?rest_route=\/wp\/v2\/posts\/156001","targetHints":{"allow":["GET"]}}],"collection":[{"href":"https:\/\/elluchador.info\/index.php?rest_route=\/wp\/v2\/posts"}],"about":[{"href":"https:\/\/elluchador.info\/index.php?rest_route=\/wp\/v2\/types\/post"}],"author":[{"embeddable":true,"href":"https:\/\/elluchador.info\/index.php?rest_route=\/wp\/v2\/users\/2"}],"replies":[{"embeddable":true,"href":"https:\/\/elluchador.info\/index.php?rest_route=%2Fwp%2Fv2%2Fcomments&post=156001"}],"version-history":[{"count":1,"href":"https:\/\/elluchador.info\/index.php?rest_route=\/wp\/v2\/posts\/156001\/revisions"}],"predecessor-version":[{"id":156006,"href":"https:\/\/elluchador.info\/index.php?rest_route=\/wp\/v2\/posts\/156001\/revisions\/156006"}],"wp:featuredmedia":[{"embeddable":true,"href":"https:\/\/elluchador.info\/index.php?rest_route=\/wp\/v2\/media\/156005"}],"wp:attachment":[{"href":"https:\/\/elluchador.info\/index.php?rest_route=%2Fwp%2Fv2%2Fmedia&parent=156001"}],"wp:term":[{"taxonomy":"category","embeddable":true,"href":"https:\/\/elluchador.info\/index.php?rest_route=%2Fwp%2Fv2%2Fcategories&post=156001"},{"taxonomy":"post_tag","embeddable":true,"href":"https:\/\/elluchador.info\/index.php?rest_route=%2Fwp%2Fv2%2Ftags&post=156001"}],"curies":[{"name":"wp","href":"https:\/\/api.w.org\/{rel}","templated":true}]}}