{"id":156007,"date":"2019-12-13T10:51:50","date_gmt":"2019-12-13T14:51:50","guid":{"rendered":"https:\/\/elluchador.info\/web\/?p=156007"},"modified":"2019-12-13T10:42:15","modified_gmt":"2019-12-13T14:42:15","slug":"ue-expresa-condolencias-a-chile-por-siniestro-de-avion","status":"publish","type":"post","link":"https:\/\/elluchador.info\/?p=156007","title":{"rendered":"UE expresa condolencias a Chile por siniestro de avi\u00f3n"},"content":{"rendered":"\n<p>El alto representante de la Uni\u00f3n Europea (UE) para la Pol\u00edtica Exterior,<strong>&nbsp;Josep Borrell<\/strong>, expres\u00f3 este viernes condolencias a Chile por el accidente sufrido por un avi\u00f3n militar con 38 ocupantes que viajaba a la Ant\u00e1rtida.<\/p>\n\n\n\n<p>\u00abEn este dif\u00edcil momento, la UE env\u00eda sus m\u00e1s profundas condolencias a las familias de las v\u00edctimas, al pueblo de Chile y a las autoridades del pa\u00eds\u00ab, indic\u00f3 una portavoz de Borrell en un comunicado.<\/p>\n\n\n\n<p>Borrell destac\u00f3 que las v\u00edctimas de este \u00abterrible accidente\u00bb viajaban para proporcionar apoyo log\u00edstico a una base clave que realiza investigaciones cient\u00edficas sobre la crisis clim\u00e1tica, \u00abun trabajo fundamental en la lucha contra el cambio clim\u00e1tico\u00ab, resalt\u00f3.<\/p>\n\n\n\n<p><strong>unionradio.net<\/strong><\/p>\n","protected":false},"excerpt":{"rendered":"<p>El alto representante de la Uni\u00f3n Europea (UE) para la Pol\u00edtica Exterior,&nbsp;Josep Borrell, expres\u00f3 este viernes condolencias a Chile por el accidente sufrido por un avi\u00f3n militar con 38 ocupantes que viajaba a la Ant\u00e1rtida. \u00abEn este dif\u00edcil momento, la UE env\u00eda sus m\u00e1s profundas condolencias a las familias de las v\u00edctimas, al pueblo de [&hellip;]<\/p>\n","protected":false},"author":2,"featured_media":156008,"comment_status":"closed","ping_status":"closed","sticky":false,"template":"","format":"standard","meta":{"footnotes":""},"categories":[5,8],"tags":[],"class_list":{"0":"post-156007","1":"post","2":"type-post","3":"status-publish","4":"format-standard","5":"has-post-thumbnail","7":"category-destacado","8":"category-internacionales"},"_links":{"self":[{"href":"https:\/\/elluchador.info\/index.php?rest_route=\/wp\/v2\/posts\/156007","targetHints":{"allow":["GET"]}}],"collection":[{"href":"https:\/\/elluchador.info\/index.php?rest_route=\/wp\/v2\/posts"}],"about":[{"href":"https:\/\/elluchador.info\/index.php?rest_route=\/wp\/v2\/types\/post"}],"author":[{"embeddable":true,"href":"https:\/\/elluchador.info\/index.php?rest_route=\/wp\/v2\/users\/2"}],"replies":[{"embeddable":true,"href":"https:\/\/elluchador.info\/index.php?rest_route=%2Fwp%2Fv2%2Fcomments&post=156007"}],"version-history":[{"count":1,"href":"https:\/\/elluchador.info\/index.php?rest_route=\/wp\/v2\/posts\/156007\/revisions"}],"predecessor-version":[{"id":156009,"href":"https:\/\/elluchador.info\/index.php?rest_route=\/wp\/v2\/posts\/156007\/revisions\/156009"}],"wp:featuredmedia":[{"embeddable":true,"href":"https:\/\/elluchador.info\/index.php?rest_route=\/wp\/v2\/media\/156008"}],"wp:attachment":[{"href":"https:\/\/elluchador.info\/index.php?rest_route=%2Fwp%2Fv2%2Fmedia&parent=156007"}],"wp:term":[{"taxonomy":"category","embeddable":true,"href":"https:\/\/elluchador.info\/index.php?rest_route=%2Fwp%2Fv2%2Fcategories&post=156007"},{"taxonomy":"post_tag","embeddable":true,"href":"https:\/\/elluchador.info\/index.php?rest_route=%2Fwp%2Fv2%2Ftags&post=156007"}],"curies":[{"name":"wp","href":"https:\/\/api.w.org\/{rel}","templated":true}]}}