{"id":156016,"date":"2019-12-13T11:52:08","date_gmt":"2019-12-13T15:52:08","guid":{"rendered":"https:\/\/elluchador.info\/web\/?p=156016"},"modified":"2019-12-13T11:42:25","modified_gmt":"2019-12-13T15:42:25","slug":"lopez-obrador-insta-a-eeuu-y-a-canada-a-ratificar-el-t-mec-definitivo","status":"publish","type":"post","link":"https:\/\/elluchador.info\/?p=156016","title":{"rendered":"L\u00f3pez Obrador insta a EEUU y a Canad\u00e1 a ratificar el T-MEC definitivo"},"content":{"rendered":"\n<p>El presidente de M\u00e9xico, Andr\u00e9s Manuel L\u00f3pez Obrador, inst\u00f3 este viernes a los congresos de Estados Unidos y de Canad\u00e1 a ratificar el acuerdo comercial T-MEC, luego de que el Senado mexicano ratificara el jueves el texto definitivo.<\/p>\n\n\n\n<p>\u00abQuedar\u00eda pendiente Canad\u00e1, para principios del a\u00f1o pr\u00f3ximo. Pero en el Congreso de Estados Unidos puede aprobarse antes del d\u00eda 20, la pr\u00f3xima semana\u00ab, expres\u00f3 el mandatario mexicano en su rueda de prensa matutina en el Palacio Nacional.<\/p>\n\n\n\n<p>El l\u00edder del izquierdista Movimiento Regeneraci\u00f3n Nacional (Morena) agradeci\u00f3 a los senadores el \u00abgesto\u00bb que tuvieron este jueves al aprobar por abrumadora mayor\u00eda el texto: \u00abYa mejor no puede darse una situaci\u00f3n con estas caracter\u00edsticas\u00ab, expres\u00f3.<\/p>\n\n\n\n<p>L\u00f3pez Obrador dese\u00f3 que la C\u00e1mara de Representantes estadounidense \u00abhaga lo mismo\u00bb antes del receso navide\u00f1o del 20 de diciembre, dado que ya \u00abhay un acuerdo entre republicanos y dem\u00f3cratas\u00bb.<\/p>\n\n\n\n<p>El mandatario sostuvo que el T-MEC crear\u00e1 mejores condiciones par ala llegada de inversi\u00f3n extranjera en M\u00e9xico, fortalecer\u00e1 la industria, mejorar\u00e1 los salarios y las prestaciones laborales, y ayudar\u00e1 \u00abmucho\u00bb al crecimiento econ\u00f3mico.<\/p>\n\n\n\n<p>\u00abAunque no es la panacea, s\u00ed es un eslab\u00f3n muy importante el que se tenga este acuerdo con la econom\u00eda m\u00e1s fuerte del mundo\u00ab, dijo el presiente de M\u00e9xico, pa\u00eds cuya econom\u00eda se ha estancado este a\u00f1o.<\/p>\n\n\n\n<p>Asimismo, tild\u00f3 el T-MEC como un acuerdo \u00abpol\u00edtico\u00bb adem\u00e1s de comercial, ya que no hubo \u00abconfrontaci\u00f3n entre gobiernos\u00bb.<\/p>\n\n\n\n<p>\u00abAs\u00ed termina la semana bien\u00bb, concluy\u00f3 el mandatario.<\/p>\n\n\n\n<p>El Senado mexicano ratific\u00f3 este jueves con 107 votos a favor y uno en contra el tratado comercial entre M\u00e9xico, Estados Unidos y Canad\u00e1 tras las modificaciones de \u00faltima hora del martes acordadas entre la Casa Blanca y los dem\u00f3cratas estadounidenses.<\/p>\n\n\n\n<p>Representantes de los tres gobiernos firmaron el martes en Ciudad de M\u00e9xico un nuevo texto del T-MEC que inclu\u00eda algunas condiciones en materia laboral exigidas por los dem\u00f3cratas estadounidenses para su ratificaci\u00f3n.<\/p>\n\n\n\n<p>El documento modifica en parte el acuerdo firmado el 30 de noviembre de 2018 entre los mandatarios de M\u00e9xico, Enrique Pe\u00f1a Nieto, de Estados Unidos, Donald Trump, y de Canad\u00e1, Justin Trudeau, que sustitu\u00eda el Tratado de Libre Comercio de Am\u00e9rica del Norte (TLCAN), vigente desde 1994.<\/p>\n\n\n\n<p><strong>unionradio.net<\/strong><\/p>\n","protected":false},"excerpt":{"rendered":"<p>El presidente de M\u00e9xico, Andr\u00e9s Manuel L\u00f3pez Obrador, inst\u00f3 este viernes a los congresos de Estados Unidos y de Canad\u00e1 a ratificar el acuerdo comercial T-MEC, luego de que el Senado mexicano ratificara el jueves el texto definitivo. \u00abQuedar\u00eda pendiente Canad\u00e1, para principios del a\u00f1o pr\u00f3ximo. Pero en el Congreso de Estados Unidos puede aprobarse [&hellip;]<\/p>\n","protected":false},"author":2,"featured_media":156017,"comment_status":"closed","ping_status":"closed","sticky":false,"template":"","format":"standard","meta":{"footnotes":""},"categories":[6,8],"tags":[],"class_list":{"0":"post-156016","1":"post","2":"type-post","3":"status-publish","4":"format-standard","5":"has-post-thumbnail","7":"category-economia","8":"category-internacionales"},"_links":{"self":[{"href":"https:\/\/elluchador.info\/index.php?rest_route=\/wp\/v2\/posts\/156016","targetHints":{"allow":["GET"]}}],"collection":[{"href":"https:\/\/elluchador.info\/index.php?rest_route=\/wp\/v2\/posts"}],"about":[{"href":"https:\/\/elluchador.info\/index.php?rest_route=\/wp\/v2\/types\/post"}],"author":[{"embeddable":true,"href":"https:\/\/elluchador.info\/index.php?rest_route=\/wp\/v2\/users\/2"}],"replies":[{"embeddable":true,"href":"https:\/\/elluchador.info\/index.php?rest_route=%2Fwp%2Fv2%2Fcomments&post=156016"}],"version-history":[{"count":1,"href":"https:\/\/elluchador.info\/index.php?rest_route=\/wp\/v2\/posts\/156016\/revisions"}],"predecessor-version":[{"id":156018,"href":"https:\/\/elluchador.info\/index.php?rest_route=\/wp\/v2\/posts\/156016\/revisions\/156018"}],"wp:featuredmedia":[{"embeddable":true,"href":"https:\/\/elluchador.info\/index.php?rest_route=\/wp\/v2\/media\/156017"}],"wp:attachment":[{"href":"https:\/\/elluchador.info\/index.php?rest_route=%2Fwp%2Fv2%2Fmedia&parent=156016"}],"wp:term":[{"taxonomy":"category","embeddable":true,"href":"https:\/\/elluchador.info\/index.php?rest_route=%2Fwp%2Fv2%2Fcategories&post=156016"},{"taxonomy":"post_tag","embeddable":true,"href":"https:\/\/elluchador.info\/index.php?rest_route=%2Fwp%2Fv2%2Ftags&post=156016"}],"curies":[{"name":"wp","href":"https:\/\/api.w.org\/{rel}","templated":true}]}}