{"id":156190,"date":"2019-12-15T22:00:21","date_gmt":"2019-12-16T02:00:21","guid":{"rendered":"https:\/\/elluchador.info\/web\/?p=156190"},"modified":"2019-12-15T13:57:30","modified_gmt":"2019-12-15T17:57:30","slug":"olalquiaga-la-devaluacion-permanente-va-a-continuar","status":"publish","type":"post","link":"https:\/\/elluchador.info\/?p=156190","title":{"rendered":"Olalquiaga: \u201cla devaluaci\u00f3n permanente va a continuar\u201d"},"content":{"rendered":"\n<p>El vicepresidente de la Asociaci\u00f3n de Industriales Latinoamericanos, Juan Pablo Olalquiaga, lament\u00f3 que 2019 est\u00e9 cerrando con unos niveles de contracci\u00f3n muy fuertes.<\/p>\n\n\n\n<p>\u201cCon&nbsp; dificultades para la operaci\u00f3n de las empresas industriales y con una apertura completa de la econom\u00eda, se est\u00e1n importando productos de todo tipo\u201d lo que, en su opini\u00f3n, impacta a la producci\u00f3n nacional y genera desempleo.<\/p>\n\n\n\n<p>En entrevista a Carlos Croes en Televen, destac\u00f3 que la destrucci\u00f3n&nbsp; del empleo, como consecuencia de la contracci\u00f3n, limita y destruye su vez el poder adquisitivo lo que impacta en las ventas.<\/p>\n\n\n\n<p>Explic\u00f3, seg\u00fan Uni\u00f3n Radio, que \u201ccuando se traen muchos art\u00edculos del exterior, que son m\u00e1s baratos que los nacionales, dejas de producir y desaparece el empleo y quien&nbsp; pierde el trabajo c\u00f3mo va a consumir\u201d.<\/p>\n\n\n\n<p>Consider\u00f3 que en el pa\u00eds se est\u00e9n realizando tantas transacciones en d\u00f3lares es bueno y malo a la vez. \u201cBueno porque protege contra la devaluaci\u00f3n del bol\u00edvar (\u2026), pero tambi\u00e9n significa que se ha destruido al bol\u00edvar como mecanismo de intercambio, de resguardo y de cuenta, todo eso se destruy\u00f3 como consecuencia de las pol\u00edticas econ\u00f3micas que nos llevaron la hiperinflaci\u00f3n y al desajuste fiscal\u201d.<\/p>\n\n\n\n<p>Estima que la tasa de cambio del d\u00f3lar continuar\u00e1 subiendo. \u201cLa devaluaci\u00f3n permanente va a continuar, en las \u00faltimas 3 semanas la tasa de cambio oficial se ha m\u00e1s que duplicado, ese proceso no se va a detener\u201d, dijo. (Panorama)<\/p>\n","protected":false},"excerpt":{"rendered":"<p>El vicepresidente de la Asociaci\u00f3n de Industriales Latinoamericanos, Juan Pablo Olalquiaga, lament\u00f3 que 2019 est\u00e9 cerrando con unos niveles de contracci\u00f3n muy fuertes. \u201cCon&nbsp; dificultades para la operaci\u00f3n de las empresas industriales y con una apertura completa de la econom\u00eda, se est\u00e1n importando productos de todo tipo\u201d lo que, en su opini\u00f3n, impacta a la [&hellip;]<\/p>\n","protected":false},"author":2,"featured_media":156191,"comment_status":"closed","ping_status":"closed","sticky":false,"template":"","format":"standard","meta":{"footnotes":""},"categories":[6],"tags":[],"class_list":{"0":"post-156190","1":"post","2":"type-post","3":"status-publish","4":"format-standard","5":"has-post-thumbnail","7":"category-economia"},"_links":{"self":[{"href":"https:\/\/elluchador.info\/index.php?rest_route=\/wp\/v2\/posts\/156190","targetHints":{"allow":["GET"]}}],"collection":[{"href":"https:\/\/elluchador.info\/index.php?rest_route=\/wp\/v2\/posts"}],"about":[{"href":"https:\/\/elluchador.info\/index.php?rest_route=\/wp\/v2\/types\/post"}],"author":[{"embeddable":true,"href":"https:\/\/elluchador.info\/index.php?rest_route=\/wp\/v2\/users\/2"}],"replies":[{"embeddable":true,"href":"https:\/\/elluchador.info\/index.php?rest_route=%2Fwp%2Fv2%2Fcomments&post=156190"}],"version-history":[{"count":1,"href":"https:\/\/elluchador.info\/index.php?rest_route=\/wp\/v2\/posts\/156190\/revisions"}],"predecessor-version":[{"id":156192,"href":"https:\/\/elluchador.info\/index.php?rest_route=\/wp\/v2\/posts\/156190\/revisions\/156192"}],"wp:featuredmedia":[{"embeddable":true,"href":"https:\/\/elluchador.info\/index.php?rest_route=\/wp\/v2\/media\/156191"}],"wp:attachment":[{"href":"https:\/\/elluchador.info\/index.php?rest_route=%2Fwp%2Fv2%2Fmedia&parent=156190"}],"wp:term":[{"taxonomy":"category","embeddable":true,"href":"https:\/\/elluchador.info\/index.php?rest_route=%2Fwp%2Fv2%2Fcategories&post=156190"},{"taxonomy":"post_tag","embeddable":true,"href":"https:\/\/elluchador.info\/index.php?rest_route=%2Fwp%2Fv2%2Ftags&post=156190"}],"curies":[{"name":"wp","href":"https:\/\/api.w.org\/{rel}","templated":true}]}}